{"id":7301,"date":"2024-06-04T15:20:21","date_gmt":"2024-06-04T13:20:21","guid":{"rendered":"https:\/\/www.youthforequality.sk\/index.php\/2024\/06\/04\/erasmus-projekt-portugalsko-green-rhapsody-of-optimistic-world-copy\/"},"modified":"2024-06-04T15:24:41","modified_gmt":"2024-06-04T13:24:41","slug":"mladeznicka-vymena-youth-for-democracy","status":"publish","type":"post","link":"https:\/\/www.youthforequality.sk\/index.php\/2024\/06\/04\/mladeznicka-vymena-youth-for-democracy\/","title":{"rendered":"Ml\u00e1de\u017en\u00edcka v\u00fdmena: Youth for Democracy"},"content":{"rendered":"\t\t<div data-elementor-type=\"wp-post\" data-elementor-id=\"7301\" class=\"elementor elementor-7301\">\n\t\t\t\t\t\t<section class=\"elementor-section elementor-top-section elementor-element elementor-element-653c0938 elementor-section-boxed elementor-section-height-default elementor-section-height-default\" data-id=\"653c0938\" data-element_type=\"section\" data-e-type=\"section\">\n\t\t\t\t\t\t<div class=\"elementor-container elementor-column-gap-default\">\n\t\t\t\t\t<div class=\"elementor-column elementor-col-100 elementor-top-column elementor-element elementor-element-5ef9e613\" data-id=\"5ef9e613\" data-element_type=\"column\" data-e-type=\"column\">\n\t\t\t<div class=\"elementor-widget-wrap elementor-element-populated\">\n\t\t\t\t\t\t<div class=\"elementor-element elementor-element-463869f7 elementor-widget elementor-widget-text-editor\" data-id=\"463869f7\" data-element_type=\"widget\" data-e-type=\"widget\" data-widget_type=\"text-editor.default\">\n\t\t\t\t<div class=\"elementor-widget-container\">\n\t\t\t\t\t\t\t\t\t<p class=\"p1\">Priate\u013estv\u00e1, more a\u00a0dobr\u00e1 atmosf\u00e9ra s\u00a0dobrou t\u00e9mou na diskusiu. \u010co viac si mohlo pria\u0165 6 slovensk\u00fdch \u00fa\u010dastn\u00edkov, ktor\u00ed sa vydali na cestu do Varny v\u00a0Bulharsku.<\/p><p class=\"p1\">Od 22.5 do 27.5 sme mali mo\u017enos\u0165 za\u017ei\u0165 ml\u00e1de\u017en\u00edcku v\u00fdmenu, kde sa \u00fa\u010dastn\u00edci z\u00a0Bulharska, Rumunska, Moldavska a\u00a0Slovenska zamerali na t\u00e9mu demokracia. Po\u010das cel\u00e9ho t\u00fd\u017ed\u0148a sme mali mo\u017enos\u0165 diskutova\u0165 o\u00a0tejto t\u00e9me a\u00a0slobodne vyjadri\u0165 svoj n\u00e1zor, presne tak, ako to popisuje demokracia. Predstavili sme si dokonal\u00fa utopick\u00fa demokraciu a\u00a0taktie\u017e sme mali pr\u00edle\u017eitos\u0165 si vysk\u00fa\u0161a\u0165 prostredn\u00edctvom hry schva\u013eovanie eur\u00f3pskej legislat\u00edvy.<\/p><p class=\"p1\">Mysl\u00edme si, \u017ee tento projekt sa uskuto\u010dnil vo ve\u013emi dobrom \u010dase, kedy sa pripravujeme na vo\u013eby do Eur\u00f3pskeho parlamentu. Aj prostredn\u00edctvom tejto ml\u00e1de\u017en\u00edckej v\u00fdmeny sme si mohli preveri\u0165 inform\u00e1cie, ktor\u00e9 sme mali o\u00a0tejto t\u00e9me a\u00a0z\u00e1rove\u0148 z\u00edska\u0165 nov\u00fd poh\u013ead na t\u00fato oblas\u0165, a\u00a0tak sa viac pripravi\u0165 na to, \u010do n\u00e1s \u010dak\u00e1.<\/p><p class=\"p1\">Taktie\u017e sme mali pr\u00edle\u017eitos\u0165 vidie\u0165 Varnu, v\u00a0ktorej sme dokonca mali men\u0161iu v\u00fdzvu, kedy sme sa museli rozpr\u00e1va\u0165 s\u00a0okoloid\u00facimi, \u010do n\u00e1s vytiahlo z\u00a0komfortnej z\u00f3ny.<\/p><p class=\"p1\">Ako \u00fa\u010dastn\u00edci sme si tento t\u00fd\u017ede\u0148 u\u017eili nie len v\u00a0oblasti vzdel\u00e1vania sa o\u00a0danej t\u00e9me, ale mali sme pr\u00edle\u017eitos\u0165 by\u0165 aj pri mori. T\u00fato \u010das\u0165 si v\u00e4\u010d\u0161ina \u00fa\u010dastn\u00edkov u\u017eila najviac.<\/p>\t\t\t\t\t\t\t\t<\/div>\n\t\t\t\t<\/div>\n\t\t\t\t\t<\/div>\n\t\t<\/div>\n\t\t\t\t\t<\/div>\n\t\t<\/section>\n\t\t\t\t<section class=\"elementor-section elementor-top-section elementor-element elementor-element-24291c5 elementor-section-boxed elementor-section-height-default elementor-section-height-default\" data-id=\"24291c5\" data-element_type=\"section\" data-e-type=\"section\">\n\t\t\t\t\t\t<div class=\"elementor-container elementor-column-gap-default\">\n\t\t\t\t\t<div class=\"elementor-column elementor-col-50 elementor-top-column elementor-element elementor-element-6923bc0\" data-id=\"6923bc0\" data-element_type=\"column\" data-e-type=\"column\">\n\t\t\t<div class=\"elementor-widget-wrap elementor-element-populated\">\n\t\t\t\t\t\t<div class=\"elementor-element elementor-element-b3228a4 elementor-widget elementor-widget-image\" data-id=\"b3228a4\" data-element_type=\"widget\" data-e-type=\"widget\" data-widget_type=\"image.default\">\n\t\t\t\t<div class=\"elementor-widget-container\">\n\t\t\t\t\t\t\t\t\t\t\t\t\t\t\t<img fetchpriority=\"high\" decoding=\"async\" width=\"1024\" height=\"768\" src=\"https:\/\/www.youthforequality.sk\/wp-content\/uploads\/2024\/06\/WhatsApp-Image-2024-06-04-at-11.27.13-1024x768.jpeg\" class=\"attachment-large size-large wp-image-7308\" alt=\"\" srcset=\"https:\/\/www.youthforequality.sk\/wp-content\/uploads\/2024\/06\/WhatsApp-Image-2024-06-04-at-11.27.13-1024x768.jpeg 1024w, https:\/\/www.youthforequality.sk\/wp-content\/uploads\/2024\/06\/WhatsApp-Image-2024-06-04-at-11.27.13-300x225.jpeg 300w, https:\/\/www.youthforequality.sk\/wp-content\/uploads\/2024\/06\/WhatsApp-Image-2024-06-04-at-11.27.13-768x576.jpeg 768w, https:\/\/www.youthforequality.sk\/wp-content\/uploads\/2024\/06\/WhatsApp-Image-2024-06-04-at-11.27.13-1536x1152.jpeg 1536w, https:\/\/www.youthforequality.sk\/wp-content\/uploads\/2024\/06\/WhatsApp-Image-2024-06-04-at-11.27.13.jpeg 1600w\" sizes=\"(max-width: 1024px) 100vw, 1024px\" \/>\t\t\t\t\t\t\t\t\t\t\t\t\t\t\t<\/div>\n\t\t\t\t<\/div>\n\t\t\t\t\t<\/div>\n\t\t<\/div>\n\t\t\t\t<div class=\"elementor-column elementor-col-50 elementor-top-column elementor-element elementor-element-827cc4a\" data-id=\"827cc4a\" data-element_type=\"column\" data-e-type=\"column\">\n\t\t\t<div class=\"elementor-widget-wrap elementor-element-populated\">\n\t\t\t\t\t\t<div class=\"elementor-element elementor-element-8006825 elementor-widget elementor-widget-image\" data-id=\"8006825\" data-element_type=\"widget\" data-e-type=\"widget\" data-widget_type=\"image.default\">\n\t\t\t\t<div class=\"elementor-widget-container\">\n\t\t\t\t\t\t\t\t\t\t\t\t\t\t\t<img decoding=\"async\" width=\"1024\" height=\"769\" src=\"https:\/\/www.youthforequality.sk\/wp-content\/uploads\/2024\/06\/WhatsApp-Image-2024-06-04-at-11.27.13-1-1024x769.jpeg\" class=\"attachment-large size-large wp-image-7307\" alt=\"\" srcset=\"https:\/\/www.youthforequality.sk\/wp-content\/uploads\/2024\/06\/WhatsApp-Image-2024-06-04-at-11.27.13-1-1024x769.jpeg 1024w, https:\/\/www.youthforequality.sk\/wp-content\/uploads\/2024\/06\/WhatsApp-Image-2024-06-04-at-11.27.13-1-300x225.jpeg 300w, https:\/\/www.youthforequality.sk\/wp-content\/uploads\/2024\/06\/WhatsApp-Image-2024-06-04-at-11.27.13-1-768x576.jpeg 768w, https:\/\/www.youthforequality.sk\/wp-content\/uploads\/2024\/06\/WhatsApp-Image-2024-06-04-at-11.27.13-1-1536x1153.jpeg 1536w, https:\/\/www.youthforequality.sk\/wp-content\/uploads\/2024\/06\/WhatsApp-Image-2024-06-04-at-11.27.13-1.jpeg 2048w\" sizes=\"(max-width: 1024px) 100vw, 1024px\" \/>\t\t\t\t\t\t\t\t\t\t\t\t\t\t\t<\/div>\n\t\t\t\t<\/div>\n\t\t\t\t\t<\/div>\n\t\t<\/div>\n\t\t\t\t\t<\/div>\n\t\t<\/section>\n\t\t\t\t<\/div>\n\t\t","protected":false},"excerpt":{"rendered":"<p>Priate\u013estv\u00e1, more a\u00a0dobr\u00e1 atmosf\u00e9ra s\u00a0dobrou t\u00e9mou na diskusiu. \u010co viac si mohlo pria\u0165 6 slovensk\u00fdch \u00fa\u010dastn\u00edkov, ktor\u00ed sa vydali na cestu do Varny v\u00a0Bulharsku. Od 22.5 do 27.5 sme mali mo\u017enos\u0165 za\u017ei\u0165 ml\u00e1de\u017en\u00edcku v\u00fdmenu, kde sa \u00fa\u010dastn\u00edci z\u00a0Bulharska, Rumunska, Moldavska a\u00a0Slovenska zamerali na t\u00e9mu demokracia. Po\u010das cel\u00e9ho t\u00fd\u017ed\u0148a sme mali mo\u017enos\u0165 diskutova\u0165 o\u00a0tejto t\u00e9me a\u00a0slobodne&hellip;&nbsp;<a href=\"https:\/\/www.youthforequality.sk\/index.php\/2024\/06\/04\/mladeznicka-vymena-youth-for-democracy\/\" class=\"\" rel=\"bookmark\">\u010c\u00edta\u0165 viac &raquo;<span class=\"screen-reader-text\">Ml\u00e1de\u017en\u00edcka v\u00fdmena: Youth for Democracy<\/span><\/a><\/p>\n","protected":false},"author":7,"featured_media":7303,"comment_status":"closed","ping_status":"open","sticky":false,"template":"","format":"standard","meta":{"_uf_show_specific_survey":0,"_uf_disable_surveys":false,"neve_meta_sidebar":"","neve_meta_container":"","neve_meta_enable_content_width":"off","neve_meta_content_width":70,"neve_meta_title_alignment":"","neve_meta_author_avatar":"","neve_post_elements_order":"","neve_meta_disable_header":"","neve_meta_disable_footer":"","neve_meta_disable_title":"","_themeisle_gutenberg_block_has_review":false,"footnotes":""},"categories":[3],"tags":[],"class_list":["post-7301","post","type-post","status-publish","format-standard","has-post-thumbnail","hentry","category-blog"],"yoast_head":"<!-- This site is optimized with the Yoast SEO plugin v27.4 - https:\/\/yoast.com\/product\/yoast-seo-wordpress\/ -->\n<title>Ml\u00e1de\u017en\u00edcka v\u00fdmena: Youth for Democracy |<\/title>\n<meta name=\"robots\" content=\"index, follow, max-snippet:-1, max-image-preview:large, max-video-preview:-1\" \/>\n<link rel=\"canonical\" href=\"https:\/\/www.youthforequality.sk\/index.php\/2024\/06\/04\/mladeznicka-vymena-youth-for-democracy\/\" \/>\n<meta property=\"og:locale\" content=\"sk_SK\" \/>\n<meta property=\"og:type\" content=\"article\" \/>\n<meta property=\"og:title\" content=\"Ml\u00e1de\u017en\u00edcka v\u00fdmena: Youth for Democracy |\" \/>\n<meta property=\"og:description\" content=\"Priate\u013estv\u00e1, more a\u00a0dobr\u00e1 atmosf\u00e9ra s\u00a0dobrou t\u00e9mou na diskusiu. \u010co viac si mohlo pria\u0165 6 slovensk\u00fdch \u00fa\u010dastn\u00edkov, ktor\u00ed sa vydali na cestu do Varny v\u00a0Bulharsku. Od 22.5 do 27.5 sme mali mo\u017enos\u0165 za\u017ei\u0165 ml\u00e1de\u017en\u00edcku v\u00fdmenu, kde sa \u00fa\u010dastn\u00edci z\u00a0Bulharska, Rumunska, Moldavska a\u00a0Slovenska zamerali na t\u00e9mu demokracia. Po\u010das cel\u00e9ho t\u00fd\u017ed\u0148a sme mali mo\u017enos\u0165 diskutova\u0165 o\u00a0tejto t\u00e9me a\u00a0slobodne&hellip;&nbsp;\u010c\u00edta\u0165 viac &raquo;Ml\u00e1de\u017en\u00edcka v\u00fdmena: Youth for Democracy\" \/>\n<meta property=\"og:url\" content=\"https:\/\/www.youthforequality.sk\/index.php\/2024\/06\/04\/mladeznicka-vymena-youth-for-democracy\/\" \/>\n<meta property=\"article:publisher\" content=\"https:\/\/www.facebook.com\/yeslovakia\" \/>\n<meta property=\"article:published_time\" content=\"2024-06-04T13:20:21+00:00\" \/>\n<meta property=\"article:modified_time\" content=\"2024-06-04T13:24:41+00:00\" \/>\n<meta property=\"og:image\" content=\"https:\/\/www.youthforequality.sk\/wp-content\/uploads\/2024\/06\/WhatsApp-Image-2024-06-04-at-11.27.13-2.jpeg\" \/>\n\t<meta property=\"og:image:width\" content=\"2048\" \/>\n\t<meta property=\"og:image:height\" content=\"1532\" \/>\n\t<meta property=\"og:image:type\" content=\"image\/jpeg\" \/>\n<meta name=\"author\" content=\"Silvia Jasenecova\" \/>\n<meta name=\"twitter:card\" content=\"summary_large_image\" \/>\n<meta name=\"twitter:label1\" content=\"Autor\" \/>\n\t<meta name=\"twitter:data1\" content=\"Silvia Jasenecova\" \/>\n\t<meta name=\"twitter:label2\" content=\"Predpokladan\u00fd \u010das \u010d\u00edtania\" \/>\n\t<meta name=\"twitter:data2\" content=\"2 min\u00faty\" \/>\n<script type=\"application\/ld+json\" class=\"yoast-schema-graph\">{\"@context\":\"https:\\\/\\\/schema.org\",\"@graph\":[{\"@type\":\"Article\",\"@id\":\"https:\\\/\\\/www.youthforequality.sk\\\/index.php\\\/2024\\\/06\\\/04\\\/mladeznicka-vymena-youth-for-democracy\\\/#article\",\"isPartOf\":{\"@id\":\"https:\\\/\\\/www.youthforequality.sk\\\/index.php\\\/2024\\\/06\\\/04\\\/mladeznicka-vymena-youth-for-democracy\\\/\"},\"author\":{\"name\":\"Silvia Jasenecova\",\"@id\":\"https:\\\/\\\/www.youthforequality.sk\\\/#\\\/schema\\\/person\\\/d342f25e638d824527d3b78bbfb97324\"},\"headline\":\"Ml\u00e1de\u017en\u00edcka v\u00fdmena: Youth for Democracy\",\"datePublished\":\"2024-06-04T13:20:21+00:00\",\"dateModified\":\"2024-06-04T13:24:41+00:00\",\"mainEntityOfPage\":{\"@id\":\"https:\\\/\\\/www.youthforequality.sk\\\/index.php\\\/2024\\\/06\\\/04\\\/mladeznicka-vymena-youth-for-democracy\\\/\"},\"wordCount\":268,\"publisher\":{\"@id\":\"https:\\\/\\\/www.youthforequality.sk\\\/#organization\"},\"image\":{\"@id\":\"https:\\\/\\\/www.youthforequality.sk\\\/index.php\\\/2024\\\/06\\\/04\\\/mladeznicka-vymena-youth-for-democracy\\\/#primaryimage\"},\"thumbnailUrl\":\"https:\\\/\\\/www.youthforequality.sk\\\/wp-content\\\/uploads\\\/2024\\\/06\\\/WhatsApp-Image-2024-06-04-at-11.27.13-2.jpeg\",\"articleSection\":[\"Blog\"],\"inLanguage\":\"sk-SK\"},{\"@type\":\"WebPage\",\"@id\":\"https:\\\/\\\/www.youthforequality.sk\\\/index.php\\\/2024\\\/06\\\/04\\\/mladeznicka-vymena-youth-for-democracy\\\/\",\"url\":\"https:\\\/\\\/www.youthforequality.sk\\\/index.php\\\/2024\\\/06\\\/04\\\/mladeznicka-vymena-youth-for-democracy\\\/\",\"name\":\"Ml\u00e1de\u017en\u00edcka v\u00fdmena: Youth for Democracy |\",\"isPartOf\":{\"@id\":\"https:\\\/\\\/www.youthforequality.sk\\\/#website\"},\"primaryImageOfPage\":{\"@id\":\"https:\\\/\\\/www.youthforequality.sk\\\/index.php\\\/2024\\\/06\\\/04\\\/mladeznicka-vymena-youth-for-democracy\\\/#primaryimage\"},\"image\":{\"@id\":\"https:\\\/\\\/www.youthforequality.sk\\\/index.php\\\/2024\\\/06\\\/04\\\/mladeznicka-vymena-youth-for-democracy\\\/#primaryimage\"},\"thumbnailUrl\":\"https:\\\/\\\/www.youthforequality.sk\\\/wp-content\\\/uploads\\\/2024\\\/06\\\/WhatsApp-Image-2024-06-04-at-11.27.13-2.jpeg\",\"datePublished\":\"2024-06-04T13:20:21+00:00\",\"dateModified\":\"2024-06-04T13:24:41+00:00\",\"breadcrumb\":{\"@id\":\"https:\\\/\\\/www.youthforequality.sk\\\/index.php\\\/2024\\\/06\\\/04\\\/mladeznicka-vymena-youth-for-democracy\\\/#breadcrumb\"},\"inLanguage\":\"sk-SK\",\"potentialAction\":[{\"@type\":\"ReadAction\",\"target\":[\"https:\\\/\\\/www.youthforequality.sk\\\/index.php\\\/2024\\\/06\\\/04\\\/mladeznicka-vymena-youth-for-democracy\\\/\"]}]},{\"@type\":\"ImageObject\",\"inLanguage\":\"sk-SK\",\"@id\":\"https:\\\/\\\/www.youthforequality.sk\\\/index.php\\\/2024\\\/06\\\/04\\\/mladeznicka-vymena-youth-for-democracy\\\/#primaryimage\",\"url\":\"https:\\\/\\\/www.youthforequality.sk\\\/wp-content\\\/uploads\\\/2024\\\/06\\\/WhatsApp-Image-2024-06-04-at-11.27.13-2.jpeg\",\"contentUrl\":\"https:\\\/\\\/www.youthforequality.sk\\\/wp-content\\\/uploads\\\/2024\\\/06\\\/WhatsApp-Image-2024-06-04-at-11.27.13-2.jpeg\",\"width\":2048,\"height\":1532},{\"@type\":\"BreadcrumbList\",\"@id\":\"https:\\\/\\\/www.youthforequality.sk\\\/index.php\\\/2024\\\/06\\\/04\\\/mladeznicka-vymena-youth-for-democracy\\\/#breadcrumb\",\"itemListElement\":[{\"@type\":\"ListItem\",\"position\":1,\"name\":\"Home\",\"item\":\"https:\\\/\\\/www.youthforequality.sk\\\/\"},{\"@type\":\"ListItem\",\"position\":2,\"name\":\"Ml\u00e1de\u017en\u00edcka v\u00fdmena: Youth for Democracy\"}]},{\"@type\":\"WebSite\",\"@id\":\"https:\\\/\\\/www.youthforequality.sk\\\/#website\",\"url\":\"https:\\\/\\\/www.youthforequality.sk\\\/\",\"name\":\"\",\"description\":\"\",\"publisher\":{\"@id\":\"https:\\\/\\\/www.youthforequality.sk\\\/#organization\"},\"potentialAction\":[{\"@type\":\"SearchAction\",\"target\":{\"@type\":\"EntryPoint\",\"urlTemplate\":\"https:\\\/\\\/www.youthforequality.sk\\\/?s={search_term_string}\"},\"query-input\":{\"@type\":\"PropertyValueSpecification\",\"valueRequired\":true,\"valueName\":\"search_term_string\"}}],\"inLanguage\":\"sk-SK\"},{\"@type\":\"Organization\",\"@id\":\"https:\\\/\\\/www.youthforequality.sk\\\/#organization\",\"name\":\"Youth for Equality\",\"url\":\"https:\\\/\\\/www.youthforequality.sk\\\/\",\"logo\":{\"@type\":\"ImageObject\",\"inLanguage\":\"sk-SK\",\"@id\":\"https:\\\/\\\/www.youthforequality.sk\\\/#\\\/schema\\\/logo\\\/image\\\/\",\"url\":\"https:\\\/\\\/www.youthforequality.sk\\\/wp-content\\\/uploads\\\/2021\\\/01\\\/vynovene-logo-nove-farby_modra-na-web.png\",\"contentUrl\":\"https:\\\/\\\/www.youthforequality.sk\\\/wp-content\\\/uploads\\\/2021\\\/01\\\/vynovene-logo-nove-farby_modra-na-web.png\",\"width\":1,\"height\":1,\"caption\":\"Youth for Equality\"},\"image\":{\"@id\":\"https:\\\/\\\/www.youthforequality.sk\\\/#\\\/schema\\\/logo\\\/image\\\/\"},\"sameAs\":[\"https:\\\/\\\/www.facebook.com\\\/yeslovakia\"]},{\"@type\":\"Person\",\"@id\":\"https:\\\/\\\/www.youthforequality.sk\\\/#\\\/schema\\\/person\\\/d342f25e638d824527d3b78bbfb97324\",\"name\":\"Silvia Jasenecova\",\"image\":{\"@type\":\"ImageObject\",\"inLanguage\":\"sk-SK\",\"@id\":\"https:\\\/\\\/secure.gravatar.com\\\/avatar\\\/43a8960df19336b9cc573e7be97a8f9c2f855c68a8e7248718d7ba5b039477bb?s=96&d=mm&r=g\",\"url\":\"https:\\\/\\\/secure.gravatar.com\\\/avatar\\\/43a8960df19336b9cc573e7be97a8f9c2f855c68a8e7248718d7ba5b039477bb?s=96&d=mm&r=g\",\"contentUrl\":\"https:\\\/\\\/secure.gravatar.com\\\/avatar\\\/43a8960df19336b9cc573e7be97a8f9c2f855c68a8e7248718d7ba5b039477bb?s=96&d=mm&r=g\",\"caption\":\"Silvia Jasenecova\"},\"url\":\"https:\\\/\\\/www.youthforequality.sk\\\/index.php\\\/author\\\/natalier\\\/\"}]}<\/script>\n<!-- \/ Yoast SEO plugin. -->","yoast_head_json":{"title":"Ml\u00e1de\u017en\u00edcka v\u00fdmena: Youth for Democracy |","robots":{"index":"index","follow":"follow","max-snippet":"max-snippet:-1","max-image-preview":"max-image-preview:large","max-video-preview":"max-video-preview:-1"},"canonical":"https:\/\/www.youthforequality.sk\/index.php\/2024\/06\/04\/mladeznicka-vymena-youth-for-democracy\/","og_locale":"sk_SK","og_type":"article","og_title":"Ml\u00e1de\u017en\u00edcka v\u00fdmena: Youth for Democracy |","og_description":"Priate\u013estv\u00e1, more a\u00a0dobr\u00e1 atmosf\u00e9ra s\u00a0dobrou t\u00e9mou na diskusiu. \u010co viac si mohlo pria\u0165 6 slovensk\u00fdch \u00fa\u010dastn\u00edkov, ktor\u00ed sa vydali na cestu do Varny v\u00a0Bulharsku. Od 22.5 do 27.5 sme mali mo\u017enos\u0165 za\u017ei\u0165 ml\u00e1de\u017en\u00edcku v\u00fdmenu, kde sa \u00fa\u010dastn\u00edci z\u00a0Bulharska, Rumunska, Moldavska a\u00a0Slovenska zamerali na t\u00e9mu demokracia. Po\u010das cel\u00e9ho t\u00fd\u017ed\u0148a sme mali mo\u017enos\u0165 diskutova\u0165 o\u00a0tejto t\u00e9me a\u00a0slobodne&hellip;&nbsp;\u010c\u00edta\u0165 viac &raquo;Ml\u00e1de\u017en\u00edcka v\u00fdmena: Youth for Democracy","og_url":"https:\/\/www.youthforequality.sk\/index.php\/2024\/06\/04\/mladeznicka-vymena-youth-for-democracy\/","article_publisher":"https:\/\/www.facebook.com\/yeslovakia","article_published_time":"2024-06-04T13:20:21+00:00","article_modified_time":"2024-06-04T13:24:41+00:00","og_image":[{"width":2048,"height":1532,"url":"https:\/\/www.youthforequality.sk\/wp-content\/uploads\/2024\/06\/WhatsApp-Image-2024-06-04-at-11.27.13-2.jpeg","type":"image\/jpeg"}],"author":"Silvia Jasenecova","twitter_card":"summary_large_image","twitter_misc":{"Autor":"Silvia Jasenecova","Predpokladan\u00fd \u010das \u010d\u00edtania":"2 min\u00faty"},"schema":{"@context":"https:\/\/schema.org","@graph":[{"@type":"Article","@id":"https:\/\/www.youthforequality.sk\/index.php\/2024\/06\/04\/mladeznicka-vymena-youth-for-democracy\/#article","isPartOf":{"@id":"https:\/\/www.youthforequality.sk\/index.php\/2024\/06\/04\/mladeznicka-vymena-youth-for-democracy\/"},"author":{"name":"Silvia Jasenecova","@id":"https:\/\/www.youthforequality.sk\/#\/schema\/person\/d342f25e638d824527d3b78bbfb97324"},"headline":"Ml\u00e1de\u017en\u00edcka v\u00fdmena: Youth for Democracy","datePublished":"2024-06-04T13:20:21+00:00","dateModified":"2024-06-04T13:24:41+00:00","mainEntityOfPage":{"@id":"https:\/\/www.youthforequality.sk\/index.php\/2024\/06\/04\/mladeznicka-vymena-youth-for-democracy\/"},"wordCount":268,"publisher":{"@id":"https:\/\/www.youthforequality.sk\/#organization"},"image":{"@id":"https:\/\/www.youthforequality.sk\/index.php\/2024\/06\/04\/mladeznicka-vymena-youth-for-democracy\/#primaryimage"},"thumbnailUrl":"https:\/\/www.youthforequality.sk\/wp-content\/uploads\/2024\/06\/WhatsApp-Image-2024-06-04-at-11.27.13-2.jpeg","articleSection":["Blog"],"inLanguage":"sk-SK"},{"@type":"WebPage","@id":"https:\/\/www.youthforequality.sk\/index.php\/2024\/06\/04\/mladeznicka-vymena-youth-for-democracy\/","url":"https:\/\/www.youthforequality.sk\/index.php\/2024\/06\/04\/mladeznicka-vymena-youth-for-democracy\/","name":"Ml\u00e1de\u017en\u00edcka v\u00fdmena: Youth for Democracy |","isPartOf":{"@id":"https:\/\/www.youthforequality.sk\/#website"},"primaryImageOfPage":{"@id":"https:\/\/www.youthforequality.sk\/index.php\/2024\/06\/04\/mladeznicka-vymena-youth-for-democracy\/#primaryimage"},"image":{"@id":"https:\/\/www.youthforequality.sk\/index.php\/2024\/06\/04\/mladeznicka-vymena-youth-for-democracy\/#primaryimage"},"thumbnailUrl":"https:\/\/www.youthforequality.sk\/wp-content\/uploads\/2024\/06\/WhatsApp-Image-2024-06-04-at-11.27.13-2.jpeg","datePublished":"2024-06-04T13:20:21+00:00","dateModified":"2024-06-04T13:24:41+00:00","breadcrumb":{"@id":"https:\/\/www.youthforequality.sk\/index.php\/2024\/06\/04\/mladeznicka-vymena-youth-for-democracy\/#breadcrumb"},"inLanguage":"sk-SK","potentialAction":[{"@type":"ReadAction","target":["https:\/\/www.youthforequality.sk\/index.php\/2024\/06\/04\/mladeznicka-vymena-youth-for-democracy\/"]}]},{"@type":"ImageObject","inLanguage":"sk-SK","@id":"https:\/\/www.youthforequality.sk\/index.php\/2024\/06\/04\/mladeznicka-vymena-youth-for-democracy\/#primaryimage","url":"https:\/\/www.youthforequality.sk\/wp-content\/uploads\/2024\/06\/WhatsApp-Image-2024-06-04-at-11.27.13-2.jpeg","contentUrl":"https:\/\/www.youthforequality.sk\/wp-content\/uploads\/2024\/06\/WhatsApp-Image-2024-06-04-at-11.27.13-2.jpeg","width":2048,"height":1532},{"@type":"BreadcrumbList","@id":"https:\/\/www.youthforequality.sk\/index.php\/2024\/06\/04\/mladeznicka-vymena-youth-for-democracy\/#breadcrumb","itemListElement":[{"@type":"ListItem","position":1,"name":"Home","item":"https:\/\/www.youthforequality.sk\/"},{"@type":"ListItem","position":2,"name":"Ml\u00e1de\u017en\u00edcka v\u00fdmena: Youth for Democracy"}]},{"@type":"WebSite","@id":"https:\/\/www.youthforequality.sk\/#website","url":"https:\/\/www.youthforequality.sk\/","name":"","description":"","publisher":{"@id":"https:\/\/www.youthforequality.sk\/#organization"},"potentialAction":[{"@type":"SearchAction","target":{"@type":"EntryPoint","urlTemplate":"https:\/\/www.youthforequality.sk\/?s={search_term_string}"},"query-input":{"@type":"PropertyValueSpecification","valueRequired":true,"valueName":"search_term_string"}}],"inLanguage":"sk-SK"},{"@type":"Organization","@id":"https:\/\/www.youthforequality.sk\/#organization","name":"Youth for Equality","url":"https:\/\/www.youthforequality.sk\/","logo":{"@type":"ImageObject","inLanguage":"sk-SK","@id":"https:\/\/www.youthforequality.sk\/#\/schema\/logo\/image\/","url":"https:\/\/www.youthforequality.sk\/wp-content\/uploads\/2021\/01\/vynovene-logo-nove-farby_modra-na-web.png","contentUrl":"https:\/\/www.youthforequality.sk\/wp-content\/uploads\/2021\/01\/vynovene-logo-nove-farby_modra-na-web.png","width":1,"height":1,"caption":"Youth for Equality"},"image":{"@id":"https:\/\/www.youthforequality.sk\/#\/schema\/logo\/image\/"},"sameAs":["https:\/\/www.facebook.com\/yeslovakia"]},{"@type":"Person","@id":"https:\/\/www.youthforequality.sk\/#\/schema\/person\/d342f25e638d824527d3b78bbfb97324","name":"Silvia Jasenecova","image":{"@type":"ImageObject","inLanguage":"sk-SK","@id":"https:\/\/secure.gravatar.com\/avatar\/43a8960df19336b9cc573e7be97a8f9c2f855c68a8e7248718d7ba5b039477bb?s=96&d=mm&r=g","url":"https:\/\/secure.gravatar.com\/avatar\/43a8960df19336b9cc573e7be97a8f9c2f855c68a8e7248718d7ba5b039477bb?s=96&d=mm&r=g","contentUrl":"https:\/\/secure.gravatar.com\/avatar\/43a8960df19336b9cc573e7be97a8f9c2f855c68a8e7248718d7ba5b039477bb?s=96&d=mm&r=g","caption":"Silvia Jasenecova"},"url":"https:\/\/www.youthforequality.sk\/index.php\/author\/natalier\/"}]}},"_links":{"self":[{"href":"https:\/\/www.youthforequality.sk\/index.php\/wp-json\/wp\/v2\/posts\/7301","targetHints":{"allow":["GET"]}}],"collection":[{"href":"https:\/\/www.youthforequality.sk\/index.php\/wp-json\/wp\/v2\/posts"}],"about":[{"href":"https:\/\/www.youthforequality.sk\/index.php\/wp-json\/wp\/v2\/types\/post"}],"author":[{"embeddable":true,"href":"https:\/\/www.youthforequality.sk\/index.php\/wp-json\/wp\/v2\/users\/7"}],"replies":[{"embeddable":true,"href":"https:\/\/www.youthforequality.sk\/index.php\/wp-json\/wp\/v2\/comments?post=7301"}],"version-history":[{"count":7,"href":"https:\/\/www.youthforequality.sk\/index.php\/wp-json\/wp\/v2\/posts\/7301\/revisions"}],"predecessor-version":[{"id":7311,"href":"https:\/\/www.youthforequality.sk\/index.php\/wp-json\/wp\/v2\/posts\/7301\/revisions\/7311"}],"wp:featuredmedia":[{"embeddable":true,"href":"https:\/\/www.youthforequality.sk\/index.php\/wp-json\/wp\/v2\/media\/7303"}],"wp:attachment":[{"href":"https:\/\/www.youthforequality.sk\/index.php\/wp-json\/wp\/v2\/media?parent=7301"}],"wp:term":[{"taxonomy":"category","embeddable":true,"href":"https:\/\/www.youthforequality.sk\/index.php\/wp-json\/wp\/v2\/categories?post=7301"},{"taxonomy":"post_tag","embeddable":true,"href":"https:\/\/www.youthforequality.sk\/index.php\/wp-json\/wp\/v2\/tags?post=7301"}],"curies":[{"name":"wp","href":"https:\/\/api.w.org\/{rel}","templated":true}]}}