{"id":7585,"date":"2024-07-18T11:16:37","date_gmt":"2024-07-18T09:16:37","guid":{"rendered":"https:\/\/www.youthforequality.sk\/index.php\/2024\/07\/18\/training-course-game-on-copy\/"},"modified":"2024-07-18T11:26:53","modified_gmt":"2024-07-18T09:26:53","slug":"mladeznicka-vymena-meet-me-in-eu-vol-ii","status":"publish","type":"post","link":"https:\/\/www.youthforequality.sk\/index.php\/2024\/07\/18\/mladeznicka-vymena-meet-me-in-eu-vol-ii\/","title":{"rendered":"Ml\u00e1de\u017en\u00edcka v\u00fdmena Meet Me in EU vol-II"},"content":{"rendered":"\t\t<div data-elementor-type=\"wp-post\" data-elementor-id=\"7585\" class=\"elementor elementor-7585\">\n\t\t\t\t\t\t<section class=\"elementor-section elementor-top-section elementor-element elementor-element-653c0938 elementor-section-boxed elementor-section-height-default elementor-section-height-default\" data-id=\"653c0938\" data-element_type=\"section\" data-e-type=\"section\">\n\t\t\t\t\t\t<div class=\"elementor-container elementor-column-gap-default\">\n\t\t\t\t\t<div class=\"elementor-column elementor-col-100 elementor-top-column elementor-element elementor-element-5ef9e613\" data-id=\"5ef9e613\" data-element_type=\"column\" data-e-type=\"column\">\n\t\t\t<div class=\"elementor-widget-wrap elementor-element-populated\">\n\t\t\t\t\t\t<div class=\"elementor-element elementor-element-463869f7 elementor-widget elementor-widget-text-editor\" data-id=\"463869f7\" data-element_type=\"widget\" data-e-type=\"widget\" data-widget_type=\"text-editor.default\">\n\t\t\t\t<div class=\"elementor-widget-container\">\n\t\t\t\t\t\t\t\t\t<p style=\"line-height: 21.6px; text-align: center; caret-color: #000000; font-family: -webkit-standard; font-size: 18px; -webkit-tap-highlight-color: rgba(26, 26, 26, 0.3); text-size-adjust: none;\"><span style=\"line-height: 14.4px; font-weight: bold; font-size: 12px; font-family: 'Times New Roman';\"><span style=\"line-height: 21.6px; font-size: 1.5em;\">MEET ME IN EU<\/span><\/span><\/p><p style=\"line-height: 21.6px; text-align: center; caret-color: #000000; font-family: -webkit-standard; font-size: 18px; -webkit-tap-highlight-color: rgba(26, 26, 26, 0.3); text-size-adjust: none;\"><span style=\"line-height: 14.4px; font-weight: bold; font-size: 12px; font-family: 'Times New Roman';\"><span style=\"line-height: 21.6px; font-size: 1.5em;\">(ml\u00e1de\u017en\u00edcka v\u00fdmena,\u00a0<\/span><\/span><span style=\"line-height: 14.4px; font-weight: bold; font-size: 12px; font-family: 'Times New Roman';\"><span style=\"line-height: 21.6px; font-size: 1.5em;\">\u0141\u00f3d\u017a<\/span><\/span><span style=\"line-height: 14.4px; font-weight: bold; font-size: 12px; font-family: 'Times New Roman';\"><span style=\"line-height: 21.6px; font-size: 1.5em;\">, Po\u013esko)<\/span><\/span><\/p><p style=\"line-height: 21.6px; text-indent: 35px; text-align: justify; caret-color: #000000; font-family: -webkit-standard; font-size: 18px; -webkit-tap-highlight-color: rgba(26, 26, 26, 0.3); text-size-adjust: none;\"><span style=\"line-height: 21.6px;\">\u00a0<\/span><\/p><p style=\"line-height: 21.6px; text-indent: 35px; text-align: justify; caret-color: #000000; font-family: -webkit-standard; font-size: 18px; -webkit-tap-highlight-color: rgba(26, 26, 26, 0.3); text-size-adjust: none;\"><span style=\"line-height: 14.4px; font-size: 12px; font-family: 'Times New Roman';\"><span style=\"line-height: 21.6px; font-size: 1.5em;\">V\u010faka organiz\u00e1cii\u00a0<\/span><\/span><span style=\"line-height: 14.4px; font-size: 12px; font-family: 'Times New Roman';\"><span style=\"line-height: 21.6px; font-size: 1.5em;\">Youth<\/span><\/span><span style=\"line-height: 14.4px; font-size: 12px; font-family: 'Times New Roman';\"><span style=\"line-height: 21.6px; font-size: 1.5em;\">\u00a0<\/span><\/span><span style=\"line-height: 14.4px; font-size: 12px; font-family: 'Times New Roman';\"><span style=\"line-height: 21.6px; font-size: 1.5em;\">for<\/span><\/span><span style=\"line-height: 14.4px; font-size: 12px; font-family: 'Times New Roman';\"><span style=\"line-height: 21.6px; font-size: 1.5em;\">\u00a0<\/span><\/span><span style=\"line-height: 14.4px; font-size: 12px; font-family: 'Times New Roman';\"><span style=\"line-height: 21.6px; font-size: 1.5em;\">Equality<\/span><\/span><span style=\"line-height: 14.4px; font-size: 12px; font-family: 'Times New Roman';\"><span style=\"line-height: 21.6px; font-size: 1.5em;\">\u00a0sme mali mo\u017enos\u0165 z\u00fa\u010dastni\u0165 sa ml\u00e1de\u017en\u00edckej v\u00fdmeny s\u00a0n\u00e1zvom \u201c<\/span><\/span><span style=\"line-height: 14.4px; font-size: 12px; font-family: 'Times New Roman';\"><span style=\"line-height: 21.6px; font-size: 1.5em;\">Meet<\/span><\/span><span style=\"line-height: 14.4px; font-size: 12px; font-family: 'Times New Roman';\"><span style=\"line-height: 21.6px; font-size: 1.5em;\">\u00a0<\/span><\/span><span style=\"line-height: 14.4px; font-size: 12px; font-family: 'Times New Roman';\"><span style=\"line-height: 21.6px; font-size: 1.5em;\">Me<\/span><\/span><span style=\"line-height: 14.4px; font-size: 12px; font-family: 'Times New Roman';\"><span style=\"line-height: 21.6px; font-size: 1.5em;\">\u00a0in EU\u201c, ktor\u00e1 sa konala v\u00a0kr\u00e1snom po\u013eskom meste\u00a0<\/span><\/span><span style=\"line-height: 14.4px; font-size: 12px; font-family: 'Times New Roman';\"><span style=\"line-height: 21.6px; font-size: 1.5em;\">\u0141\u00f3d\u017a<\/span><\/span><span style=\"line-height: 14.4px; font-size: 12px; font-family: 'Times New Roman';\"><span style=\"line-height: 21.6px; font-size: 1.5em;\">. T\u00e1to ml\u00e1de\u017en\u00edcka v\u00fdmena trvala 10 dn\u00ed (od 30.06. do 09.07.) po\u010das, ktor\u00fdch sme sa naplno venovali t\u00e9me projektu<\/span><\/span><span style=\"line-height: 14.4px; font-size: 12px; font-family: 'Times New Roman';\"><span style=\"line-height: 21.6px; font-size: 1.5em;\">.\u00a0<\/span><\/span><span style=\"line-height: 14.4px; font-size: 12px; font-family: 'Times New Roman';\"><span style=\"line-height: 21.6px; font-size: 1.5em;\">\u00da\u010dastn\u00edci tejto ml\u00e1de\u017en\u00edckej v\u00fdmeny poch\u00e1dzali z\u00a0Po\u013eska, Talianska, \u0160panielska, Rumunska, Est\u00f3nska, Franc\u00fazska a\u00a0Slovenska.\u00a0<\/span><\/span><span style=\"line-height: 14.4px; font-size: 12px; font-family: 'Times New Roman';\"><span style=\"line-height: 21.6px; font-size: 1.5em;\">Ubytovan\u00ed sme boli v\u00a0naozaj kr\u00e1snom hoteli, v\u00a0izb\u00e1ch po dvoch, tak\u017ee sme mali aj dostatok s\u00fakromia. Ra\u0148ajky, obedy aj ve\u010dere boli zabezpe\u010den\u00e9 priamo v\u00a0hoteli\u00a0<\/span><\/span><span style=\"line-height: 14.4px; font-size: 12px; font-family: 'Times New Roman';\"><span style=\"line-height: 21.6px; font-size: 1.5em;\">Campanile<\/span><\/span><span style=\"line-height: 14.4px; font-size: 12px; font-family: 'Times New Roman';\"><span style=\"line-height: 21.6px; font-size: 1.5em;\">. Ra\u0148ajky boli formou \u0161v\u00e9dskych stolov. Na obed a\u00a0ve\u010deru sme mali mo\u017enos\u0165 ochutna\u0165 tradi\u010dn\u00e9 po\u013esk\u00e9 pirohy plnen\u00e9 kapustou alebo m\u00e4som. Tie sme mali pomerne \u010dasto, no nech\u00fdbal<\/span><\/span><span style=\"line-height: 14.4px; font-size: 12px; font-family: 'Times New Roman';\"><span style=\"line-height: 21.6px; font-size: 1.5em;\">i ani klasick\u00e9 jedl\u00e1, na ktor\u00e9 sme zvyknut\u00ed.<\/span><\/span><\/p><p style=\"line-height: 21.6px; text-indent: 35px; text-align: justify; caret-color: #000000; font-family: -webkit-standard; font-size: 18px; -webkit-tap-highlight-color: rgba(26, 26, 26, 0.3); text-size-adjust: none;\"><span style=\"line-height: 14.4px; font-size: 12px; font-family: 'Times New Roman';\"><span style=\"line-height: 21.6px; font-size: 1.5em;\">\u00a0<\/span><\/span><\/p><p style=\"line-height: 21.6px; text-indent: 35px; text-align: justify; caret-color: #000000; font-family: -webkit-standard; font-size: 18px; -webkit-tap-highlight-color: rgba(26, 26, 26, 0.3); text-size-adjust: none;\"><span style=\"line-height: 14.4px; font-size: 12px; font-family: 'Times New Roman';\"><span style=\"line-height: 21.6px; font-size: 1.5em;\">Prv\u00fd de\u0148 projektu bol venovan<\/span><\/span><span style=\"line-height: 14.4px; font-size: 12px; font-family: 'Times New Roman';\"><span style=\"line-height: 21.6px; font-size: 1.5em;\">\u00fd\u00a0<\/span><\/span><span style=\"line-height: 14.4px; font-size: 12px; font-family: 'Times New Roman';\"><span style=\"line-height: 21.6px; font-size: 1.5em;\">aktivit\u00e1m, ktor\u00e9 n\u00e1m pomohli lep\u0161ie sa navz\u00e1jom spozna\u0165. Od druh\u00e9ho d\u0148a projektu sme boli rozdelen\u00fd do skup\u00edn, tzv. laborat\u00f3ri\u00ed kreat\u00edvnych \u010dinnost\u00ed, na z\u00e1klade toho, ak\u00fd druh kreat\u00edvnej \u010dinnosti sme si vybrali vo formul\u00e1ri pred za\u010dat\u00edm projektu. Ponuka bola naozaj pestr\u00e1. Mali sme laborat\u00f3rium, ktor\u00e9 sa podie\u013ealo na tvorbe sochy z\u00a0hliny.\u00a0<\/span><\/span><span style=\"color: var(--nv-text-color); font-weight: var(--bodyfontweight); letter-spacing: var(--bodyletterspacing); text-transform: var(--bodytexttransform); background-color: var(--nv-site-bg); line-height: 14.4px; font-size: 12px; font-family: 'Times New Roman';\"><span style=\"line-height: 21.6px; font-size: 1.5em;\">Laborat\u00f3rium, ktor\u00e9 nat\u00e1\u010dalo film, v\u00a0ktorom sme \u00fa\u010dinkovali. Tane\u010dn\u00e9 laborat\u00f3rium. Laborat\u00f3rium nahr\u00e1vaj\u00face hudbu,<\/span><\/span><span style=\"color: var(--nv-text-color); font-weight: var(--bodyfontweight); letter-spacing: var(--bodyletterspacing); text-transform: var(--bodytexttransform); background-color: var(--nv-site-bg); line-height: 14.4px; font-size: 12px; font-family: 'Times New Roman';\"><span style=\"line-height: 21.6px; font-size: 1.5em;\">\u00a0podcast a\u00a0mnoho \u010fal\u0161<\/span><\/span><span style=\"color: var(--nv-text-color); font-weight: var(--bodyfontweight); letter-spacing: var(--bodyletterspacing); text-transform: var(--bodytexttransform); background-color: var(--nv-site-bg); line-height: 14.4px; font-size: 12px; font-family: 'Times New Roman';\"><span style=\"line-height: 21.6px; font-size: 1.5em;\">\u00edch<\/span><\/span><span style=\"color: var(--nv-text-color); font-weight: var(--bodyfontweight); letter-spacing: var(--bodyletterspacing); text-transform: var(--bodytexttransform); background-color: var(--nv-site-bg); line-height: 14.4px; font-size: 12px; font-family: 'Times New Roman';\"><span style=\"line-height: 21.6px; font-size: 1.5em;\">. V\u0161etky tieto laborat\u00f3ria boli vyskladan\u00e9 tak, aby boli medzin\u00e1rodn\u00e9 a<\/span><\/span><span style=\"color: var(--nv-text-color); font-weight: var(--bodyfontweight); letter-spacing: var(--bodyletterspacing); text-transform: var(--bodytexttransform); background-color: var(--nv-site-bg); line-height: 14.4px; font-size: 12px; font-family: 'Times New Roman';\"><span style=\"line-height: 21.6px; font-size: 1.5em;\">\u00a0<\/span><\/span><span style=\"color: var(--nv-text-color); font-weight: var(--bodyfontweight); letter-spacing: var(--bodyletterspacing); text-transform: var(--bodytexttransform); background-color: var(--nv-site-bg); line-height: 14.4px; font-size: 12px; font-family: 'Times New Roman';\"><span style=\"line-height: 21.6px; font-size: 1.5em;\">teda<\/span><\/span><span style=\"color: var(--nv-text-color); font-weight: var(--bodyfontweight); letter-spacing: var(--bodyletterspacing); text-transform: var(--bodytexttransform); background-color: var(--nv-site-bg); line-height: 14.4px; font-size: 12px; font-family: 'Times New Roman';\"><span style=\"line-height: 21.6px; font-size: 1.5em;\">,<\/span><\/span><span style=\"color: var(--nv-text-color); font-weight: var(--bodyfontweight); letter-spacing: var(--bodyletterspacing); text-transform: var(--bodytexttransform); background-color: var(--nv-site-bg); line-height: 14.4px; font-size: 12px; font-family: 'Times New Roman';\"><span style=\"line-height: 21.6px; font-size: 1.5em;\">\u00a0aby na jednom projekte pracovali \u013eudia z\u00a0r\u00f4znych kraj\u00edn. Tieto laborat\u00f3ria v\u0161ak neboli len ak\u00e1si hra, ale boli bran\u00e9 ve\u013emi seri\u00f3zne. V\u00fdstupom ka\u017ed\u00e9ho z\u00a0nich muselo by\u0165 nie\u010do s\u00favisiace s\u00a0t\u00e9mou projektu \u2013 zv\u00fd\u0161enie povedomia o\u00a0eur\u00f3pskych hodnot\u00e1ch<\/span><\/span><span style=\"color: var(--nv-text-color); font-weight: var(--bodyfontweight); letter-spacing: var(--bodyletterspacing); text-transform: var(--bodytexttransform); background-color: var(--nv-site-bg); line-height: 14.4px; font-size: 12px; font-family: 'Times New Roman';\"><span style=\"line-height: 21.6px; font-size: 1.5em;\">\u00a0a cie\u013eoch<\/span><\/span><span style=\"color: var(--nv-text-color); font-weight: var(--bodyfontweight); letter-spacing: var(--bodyletterspacing); text-transform: var(--bodytexttransform); background-color: var(--nv-site-bg); line-height: 14.4px; font-size: 12px; font-family: 'Times New Roman';\"><span style=\"line-height: 21.6px; font-size: 1.5em;\">.<\/span><\/span><span style=\"color: var(--nv-text-color); font-weight: var(--bodyfontweight); letter-spacing: var(--bodyletterspacing); text-transform: var(--bodytexttransform); background-color: var(--nv-site-bg); line-height: 14.4px; font-size: 12px; font-family: 'Times New Roman';\"><span style=\"line-height: 21.6px; font-size: 1.5em;\">\u00a0Okrem laborat\u00f3ri\u00ed sme mali aj r\u00f4zne diskusie o\u00a0jednotliv\u00fdch eur\u00f3pskych hodnot\u00e1ch \u2013 \u013eudsk\u00e1 d\u00f4stojnos\u0165, sloboda, demokracia, rovnos\u0165, pravidlo z\u00e1kona, \u013eudsk\u00e9 pr\u00e1va.<\/span><\/span><span style=\"color: var(--nv-text-color); font-weight: var(--bodyfontweight); letter-spacing: var(--bodyletterspacing); text-transform: var(--bodytexttransform); background-color: var(--nv-site-bg); line-height: 14.4px; font-size: 12px; font-family: 'Times New Roman';\"><span style=\"line-height: 21.6px; font-size: 1.5em;\">\u00a0Program bol skuto\u010dne ve\u013emi nabit\u00fd. Jeden de\u0148 bol venovan\u00fd hre\u00a0<\/span><\/span><span style=\"color: var(--nv-text-color); font-weight: var(--bodyfontweight); letter-spacing: var(--bodyletterspacing); text-transform: var(--bodytexttransform); background-color: var(--nv-site-bg); line-height: 14.4px; font-size: 12px; font-family: 'Times New Roman';\"><span style=\"line-height: 21.6px; font-size: 1.5em;\">s\u00a0n\u00e1zvom \u201c<\/span><\/span><span style=\"color: var(--nv-text-color); font-weight: var(--bodyfontweight); letter-spacing: var(--bodyletterspacing); text-transform: var(--bodytexttransform); background-color: var(--nv-site-bg); line-height: 14.4px; font-size: 12px; font-family: 'Times New Roman';\"><span style=\"line-height: 21.6px; font-size: 1.5em;\">\u00a0<\/span><\/span><span style=\"color: var(--nv-text-color); font-weight: var(--bodyfontweight); letter-spacing: var(--bodyletterspacing); text-transform: var(--bodytexttransform); background-color: var(--nv-site-bg); line-height: 14.4px; font-size: 12px; font-family: 'Times New Roman';\"><span style=\"line-height: 21.6px; font-size: 1.5em;\">\u0141\u00f3d\u017a<\/span><\/span><span style=\"color: var(--nv-text-color); font-weight: var(--bodyfontweight); letter-spacing: var(--bodyletterspacing); text-transform: var(--bodytexttransform); background-color: var(--nv-site-bg); line-height: 14.4px; font-size: 12px; font-family: 'Times New Roman';\"><span style=\"line-height: 21.6px; font-size: 1.5em;\">\u00a0<\/span><\/span><span style=\"color: var(--nv-text-color); font-weight: var(--bodyfontweight); letter-spacing: var(--bodyletterspacing); text-transform: var(--bodytexttransform); background-color: var(--nv-site-bg); line-height: 14.4px; font-size: 12px; font-family: 'Times New Roman';\"><span style=\"line-height: 21.6px; font-size: 1.5em;\">mural<\/span><\/span><span style=\"color: var(--nv-text-color); font-weight: var(--bodyfontweight); letter-spacing: var(--bodyletterspacing); text-transform: var(--bodytexttransform); background-color: var(--nv-site-bg); line-height: 14.4px; font-size: 12px; font-family: 'Times New Roman';\"><span style=\"line-height: 21.6px; font-size: 1.5em;\">\u00a0<\/span><\/span><span style=\"color: var(--nv-text-color); font-weight: var(--bodyfontweight); letter-spacing: var(--bodyletterspacing); text-transform: var(--bodytexttransform); background-color: var(--nv-site-bg); line-height: 14.4px; font-size: 12px; font-family: 'Times New Roman';\"><span style=\"line-height: 21.6px; font-size: 1.5em;\">treasure<\/span><\/span><span style=\"color: var(--nv-text-color); font-weight: var(--bodyfontweight); letter-spacing: var(--bodyletterspacing); text-transform: var(--bodytexttransform); background-color: var(--nv-site-bg); line-height: 14.4px; font-size: 12px; font-family: 'Times New Roman';\"><span style=\"line-height: 21.6px; font-size: 1.5em;\">\u00a0<\/span><\/span><span style=\"color: var(--nv-text-color); font-weight: var(--bodyfontweight); letter-spacing: var(--bodyletterspacing); text-transform: var(--bodytexttransform); background-color: var(--nv-site-bg); line-height: 14.4px; font-size: 12px; font-family: 'Times New Roman';\"><span style=\"line-height: 21.6px; font-size: 1.5em;\">hunt<\/span><\/span><span style=\"color: var(--nv-text-color); font-weight: var(--bodyfontweight); letter-spacing: var(--bodyletterspacing); text-transform: var(--bodytexttransform); background-color: var(--nv-site-bg); line-height: 14.4px; font-size: 12px; font-family: 'Times New Roman';\"><span style=\"line-height: 21.6px; font-size: 1.5em;\">\u201c kedy sa \u00fa\u010dastn\u00edci rozdelen\u00ed do 3 t\u00edmov sna\u017eili plni\u0165 r\u00f4zne \u00falohy v\u00a0meste. N\u00e1sledne boli t\u00edmy vyhodnoten\u00e9 a\u00a0ocenen\u00e9 \u2013 suven\u00edrom ako pamiatkou na mesto\u00a0<\/span><\/span><span style=\"color: var(--nv-text-color); font-weight: var(--bodyfontweight); letter-spacing: var(--bodyletterspacing); text-transform: var(--bodytexttransform); background-color: var(--nv-site-bg); line-height: 14.4px; font-size: 12px; font-family: 'Times New Roman';\"><span style=\"line-height: 21.6px; font-size: 1.5em;\">\u0141\u00f3d\u017a<\/span><\/span><span style=\"color: var(--nv-text-color); font-weight: var(--bodyfontweight); letter-spacing: var(--bodyletterspacing); text-transform: var(--bodytexttransform); background-color: var(--nv-site-bg); line-height: 14.4px; font-size: 12px; font-family: 'Times New Roman';\"><span style=\"line-height: 21.6px; font-size: 1.5em;\">.<\/span><\/span><\/p><p style=\"line-height: 21.6px; text-indent: 35px; text-align: justify; caret-color: #000000; font-family: -webkit-standard; font-size: 18px; -webkit-tap-highlight-color: rgba(26, 26, 26, 0.3); text-size-adjust: none;\"><span style=\"line-height: 14.4px; font-size: 12px; font-family: 'Times New Roman';\"><span style=\"line-height: 21.6px; font-size: 1.5em;\">\u00a0<\/span><\/span><\/p><p style=\"line-height: 21.6px; text-indent: 35px; text-align: justify; caret-color: #000000; font-family: -webkit-standard; font-size: 18px; -webkit-tap-highlight-color: rgba(26, 26, 26, 0.3); text-size-adjust: none;\"><span style=\"line-height: 14.4px; font-size: 12px; font-family: 'Times New Roman';\"><span style=\"line-height: 21.6px; font-size: 1.5em;\">Pri tejto ml\u00e1de\u017en\u00edckej v\u00fdmene sme nemali klasick\u00e9 \u201c<\/span><\/span><span style=\"line-height: 14.4px; font-size: 12px; font-family: 'Times New Roman';\"><span style=\"line-height: 21.6px; font-size: 1.5em;\">intercultural<\/span><\/span><span style=\"line-height: 14.4px; font-size: 12px; font-family: 'Times New Roman';\"><span style=\"line-height: 21.6px; font-size: 1.5em;\">\u00a0<\/span><\/span><span style=\"line-height: 14.4px; font-size: 12px; font-family: 'Times New Roman';\"><span style=\"line-height: 21.6px; font-size: 1.5em;\">night<\/span><\/span><span style=\"line-height: 14.4px; font-size: 12px; font-family: 'Times New Roman';\"><span style=\"line-height: 21.6px; font-size: 1.5em;\">\u201c ako b\u00fdva zvykom, ale boli nahraden\u00e9 tzv. \u201c<\/span><\/span><span style=\"line-height: 14.4px; font-size: 12px; font-family: 'Times New Roman';\"><span style=\"line-height: 21.6px; font-size: 1.5em;\">intercultural<\/span><\/span><span style=\"line-height: 14.4px; font-size: 12px; font-family: 'Times New Roman';\"><span style=\"line-height: 21.6px; font-size: 1.5em;\">\u00a0<\/span><\/span><span style=\"line-height: 14.4px; font-size: 12px; font-family: 'Times New Roman';\"><span style=\"line-height: 21.6px; font-size: 1.5em;\">coffee<\/span><\/span><span style=\"line-height: 14.4px; font-size: 12px; font-family: 'Times New Roman';\"><span style=\"line-height: 21.6px; font-size: 1.5em;\">\u00a0<\/span><\/span><span style=\"line-height: 14.4px; font-size: 12px; font-family: 'Times New Roman';\"><span style=\"line-height: 21.6px; font-size: 1.5em;\">breaks<\/span><\/span><span style=\"line-height: 14.4px; font-size: 12px; font-family: 'Times New Roman';\"><span style=\"line-height: 21.6px; font-size: 1.5em;\">\u201c. Ka\u017ed\u00fd de\u0148 mal na starosti\u00a0<\/span><\/span><span style=\"line-height: 14.4px; font-size: 12px; font-family: 'Times New Roman';\"><span style=\"line-height: 21.6px; font-size: 1.5em;\">coffee<\/span><\/span><span style=\"line-height: 14.4px; font-size: 12px; font-family: 'Times New Roman';\"><span style=\"line-height: 21.6px; font-size: 1.5em;\">break in\u00fd \u0161t\u00e1t, ktor\u00fd doniesol\u00a0<\/span><\/span><span style=\"line-height: 14.4px; font-size: 12px; font-family: 'Times New Roman';\"><span style=\"line-height: 21.6px; font-size: 1.5em;\">snacky<\/span><\/span><span style=\"line-height: 14.4px; font-size: 12px; font-family: 'Times New Roman';\"><span style=\"line-height: 21.6px; font-size: 1.5em;\">\u00a0typick\u00e9 pre svoj<\/span><\/span><span style=\"line-height: 14.4px; font-size: 12px; font-family: 'Times New Roman';\"><span style=\"line-height: 21.6px; font-size: 1.5em;\">u krajinu<\/span><\/span><span style=\"line-height: 14.4px; font-size: 12px; font-family: 'Times New Roman';\"><span style=\"line-height: 21.6px; font-size: 1.5em;\">na ochutnanie pre ostatn\u00fdch.<\/span><\/span><\/p><p style=\"line-height: 21.6px; text-indent: 35px; text-align: justify; caret-color: #000000; font-family: -webkit-standard; font-size: 18px; -webkit-tap-highlight-color: rgba(26, 26, 26, 0.3); text-size-adjust: none;\"><span style=\"line-height: 14.4px; font-size: 12px; font-family: 'Times New Roman';\"><span style=\"line-height: 21.6px; font-size: 1.5em;\">\u00a0<\/span><\/span><\/p><p style=\"line-height: 21.6px; text-indent: 35px; text-align: justify; caret-color: #000000; font-family: -webkit-standard; font-size: 18px; -webkit-tap-highlight-color: rgba(26, 26, 26, 0.3); text-size-adjust: none;\"><span style=\"line-height: 14.4px; font-size: 12px; font-family: 'Times New Roman';\"><span style=\"line-height: 21.6px; font-size: 1.5em;\">Ke\u010f\u017ee po\u010das projektu sme nemali ve\u013ea vo\u013en\u00e9ho \u010dasu, na pozn\u00e1vanie mesta a\u00a0okolia sme vyu\u017e\u00edvali ve\u010dery, kedy sme sa i\u0161li spolu pre<\/span><\/span><span style=\"line-height: 14.4px; font-size: 12px; font-family: 'Times New Roman';\"><span style=\"line-height: 21.6px; font-size: 1.5em;\">js<\/span><\/span><span style=\"line-height: 14.4px; font-size: 12px; font-family: 'Times New Roman';\"><span style=\"line-height: 21.6px; font-size: 1.5em;\">\u0165 na drink<\/span><\/span><span style=\"line-height: 14.4px; font-size: 12px; font-family: 'Times New Roman';\"><span style=\"line-height: 21.6px; font-size: 1.5em;\">, zmrzlinu \u010di porozpr\u00e1va\u0165<\/span><\/span><span style=\"line-height: 14.4px; font-size: 12px; font-family: 'Times New Roman';\"><span style=\"line-height: 21.6px; font-size: 1.5em;\">\u00a0sa v meste<\/span><\/span><span style=\"line-height: 14.4px; font-size: 12px; font-family: 'Times New Roman';\"><span style=\"line-height: 21.6px; font-size: 1.5em;\">. V\u010faka tomuto projektu sme mali mo\u017enos\u0165 dozvedie\u0165 sa mno\u017estvo u\u017eito\u010dn\u00fdch inform\u00e1cii a\u00a0vedomost\u00ed o\u00a0eur\u00f3pskych hodnot\u00e1ch a\u00a0na\u0161ich pr\u00e1vach. Okrem in\u00e9ho sme spoznali mno\u017estvo nov\u00fdch \u013eud\u00ed, nadviazali nov\u00e9 priate\u013estv\u00e1, zlep\u0161ili sa v\u00a0anglickom jazyku, v\u00a0prezent\u00e1cii svojich vlastn\u00fdch n\u00e1padov, podporili svoju kreativitu a\u00a0ako bonus spoznali aj nov\u00e9 po\u013esk\u00e9 mesto. Bola to jedine\u010dn\u00e1 sk\u00fasenos\u0165 pre n\u00e1s v\u0161etk\u00fdch. Ak aj ty v\u00e1ha\u0161 \u010di \u00eds\u0165 na ml\u00e1de\u017en\u00edcku v\u00fdmenu, tak ur\u010dite cho\u010f.\u00a0<\/span><\/span><span style=\"line-height: 14.4px; font-size: 12px; font-family: 'Times New Roman';\"><span style=\"line-height: 21.6px; font-size: 1.5em;\">Touto sk\u00fasenos\u0165ou rozhodne ni\u010d nestrat\u00ed\u0161.\u00a0<\/span><\/span><span style=\"line-height: 14.4px; font-size: 12px; font-family: 'Times New Roman';\"><span style=\"line-height: 21.6px; font-size: 1.5em;\">M\u00f4\u017ee\u0161 t\u00fdm len z\u00edska\u0165.<\/span><\/span><\/p><p style=\"line-height: 21.6px; text-align: justify; caret-color: #000000; font-family: -webkit-standard; font-size: 18px; -webkit-tap-highlight-color: rgba(26, 26, 26, 0.3); text-size-adjust: none;\"><span style=\"line-height: 21.6px;\">\u00a0<\/span><\/p><p style=\"line-height: 21.6px; text-align: justify; caret-color: #000000; font-family: -webkit-standard; font-size: 18px; -webkit-tap-highlight-color: rgba(26, 26, 26, 0.3); text-size-adjust: none;\"><span style=\"line-height: 21.6px;\">\u00a0<\/span><\/p><p style=\"line-height: 21.6px; text-align: right; caret-color: #000000; font-family: -webkit-standard; font-size: 18px; -webkit-tap-highlight-color: rgba(26, 26, 26, 0.3); text-size-adjust: none;\"><span style=\"line-height: 14.4px; font-size: 12px; font-family: 'Times New Roman';\"><span style=\"line-height: 21.6px; font-size: 1.5em;\">Lenka Plevov\u00e1<\/span><\/span><\/p>\t\t\t\t\t\t\t\t<\/div>\n\t\t\t\t<\/div>\n\t\t\t\t\t<\/div>\n\t\t<\/div>\n\t\t\t\t\t<\/div>\n\t\t<\/section>\n\t\t\t\t<section class=\"elementor-section elementor-top-section elementor-element elementor-element-6116fea elementor-section-boxed elementor-section-height-default elementor-section-height-default\" data-id=\"6116fea\" data-element_type=\"section\" data-e-type=\"section\">\n\t\t\t\t\t\t<div class=\"elementor-container elementor-column-gap-default\">\n\t\t\t\t\t<div class=\"elementor-column elementor-col-100 elementor-top-column elementor-element elementor-element-b51c557\" data-id=\"b51c557\" data-element_type=\"column\" data-e-type=\"column\">\n\t\t\t<div class=\"elementor-widget-wrap elementor-element-populated\">\n\t\t\t\t\t\t<div class=\"elementor-element elementor-element-4ebfa90 elementor-widget elementor-widget-image\" data-id=\"4ebfa90\" data-element_type=\"widget\" data-e-type=\"widget\" data-widget_type=\"image.default\">\n\t\t\t\t<div class=\"elementor-widget-container\">\n\t\t\t\t\t\t\t\t\t\t\t\t\t\t\t<img fetchpriority=\"high\" decoding=\"async\" width=\"1024\" height=\"768\" src=\"https:\/\/www.youthforequality.sk\/wp-content\/uploads\/2024\/07\/WhatsApp-Image-2024-07-18-at-11.06.37\u202fa.\u202fm-1024x768.jpeg\" class=\"attachment-large size-large wp-image-7586\" alt=\"\" srcset=\"https:\/\/www.youthforequality.sk\/wp-content\/uploads\/2024\/07\/WhatsApp-Image-2024-07-18-at-11.06.37\u202fa.\u202fm-1024x768.jpeg 1024w, https:\/\/www.youthforequality.sk\/wp-content\/uploads\/2024\/07\/WhatsApp-Image-2024-07-18-at-11.06.37\u202fa.\u202fm-300x225.jpeg 300w, https:\/\/www.youthforequality.sk\/wp-content\/uploads\/2024\/07\/WhatsApp-Image-2024-07-18-at-11.06.37\u202fa.\u202fm-768x576.jpeg 768w, https:\/\/www.youthforequality.sk\/wp-content\/uploads\/2024\/07\/WhatsApp-Image-2024-07-18-at-11.06.37\u202fa.\u202fm-1536x1152.jpeg 1536w, https:\/\/www.youthforequality.sk\/wp-content\/uploads\/2024\/07\/WhatsApp-Image-2024-07-18-at-11.06.37\u202fa.\u202fm.jpeg 1600w\" sizes=\"(max-width: 1024px) 100vw, 1024px\" \/>\t\t\t\t\t\t\t\t\t\t\t\t\t\t\t<\/div>\n\t\t\t\t<\/div>\n\t\t\t\t\t<\/div>\n\t\t<\/div>\n\t\t\t\t\t<\/div>\n\t\t<\/section>\n\t\t\t\t<\/div>\n\t\t","protected":false},"excerpt":{"rendered":"<p>MEET ME IN EU (ml\u00e1de\u017en\u00edcka v\u00fdmena,\u00a0\u0141\u00f3d\u017a, Po\u013esko) \u00a0 V\u010faka organiz\u00e1cii\u00a0Youth\u00a0for\u00a0Equality\u00a0sme mali mo\u017enos\u0165 z\u00fa\u010dastni\u0165 sa ml\u00e1de\u017en\u00edckej v\u00fdmeny s\u00a0n\u00e1zvom \u201cMeet\u00a0Me\u00a0in EU\u201c, ktor\u00e1 sa konala v\u00a0kr\u00e1snom po\u013eskom meste\u00a0\u0141\u00f3d\u017a. T\u00e1to ml\u00e1de\u017en\u00edcka v\u00fdmena trvala 10 dn\u00ed (od 30.06. do 09.07.) po\u010das, ktor\u00fdch sme sa naplno venovali t\u00e9me projektu.\u00a0\u00da\u010dastn\u00edci tejto ml\u00e1de\u017en\u00edckej v\u00fdmeny poch\u00e1dzali z\u00a0Po\u013eska, Talianska, \u0160panielska, Rumunska, Est\u00f3nska, Franc\u00fazska a\u00a0Slovenska.\u00a0Ubytovan\u00ed sme&hellip;&nbsp;<a href=\"https:\/\/www.youthforequality.sk\/index.php\/2024\/07\/18\/mladeznicka-vymena-meet-me-in-eu-vol-ii\/\" class=\"\" rel=\"bookmark\">\u010c\u00edta\u0165 viac &raquo;<span class=\"screen-reader-text\">Ml\u00e1de\u017en\u00edcka v\u00fdmena Meet Me in EU vol-II<\/span><\/a><\/p>\n","protected":false},"author":11,"featured_media":7588,"comment_status":"closed","ping_status":"open","sticky":false,"template":"","format":"standard","meta":{"_uf_show_specific_survey":0,"_uf_disable_surveys":false,"neve_meta_sidebar":"","neve_meta_container":"","neve_meta_enable_content_width":"off","neve_meta_content_width":70,"neve_meta_title_alignment":"","neve_meta_author_avatar":"","neve_post_elements_order":"","neve_meta_disable_header":"","neve_meta_disable_footer":"","neve_meta_disable_title":"","_themeisle_gutenberg_block_has_review":false,"footnotes":""},"categories":[3],"tags":[],"class_list":["post-7585","post","type-post","status-publish","format-standard","has-post-thumbnail","hentry","category-blog"],"yoast_head":"<!-- This site is optimized with the Yoast SEO plugin v27.4 - https:\/\/yoast.com\/product\/yoast-seo-wordpress\/ -->\n<title>Ml\u00e1de\u017en\u00edcka v\u00fdmena Meet Me in EU vol-II |<\/title>\n<meta name=\"robots\" content=\"index, follow, max-snippet:-1, max-image-preview:large, max-video-preview:-1\" \/>\n<link rel=\"canonical\" href=\"https:\/\/www.youthforequality.sk\/index.php\/2024\/07\/18\/mladeznicka-vymena-meet-me-in-eu-vol-ii\/\" \/>\n<meta property=\"og:locale\" content=\"sk_SK\" \/>\n<meta property=\"og:type\" content=\"article\" \/>\n<meta property=\"og:title\" content=\"Ml\u00e1de\u017en\u00edcka v\u00fdmena Meet Me in EU vol-II |\" \/>\n<meta property=\"og:description\" content=\"MEET ME IN EU (ml\u00e1de\u017en\u00edcka v\u00fdmena,\u00a0\u0141\u00f3d\u017a, Po\u013esko) \u00a0 V\u010faka organiz\u00e1cii\u00a0Youth\u00a0for\u00a0Equality\u00a0sme mali mo\u017enos\u0165 z\u00fa\u010dastni\u0165 sa ml\u00e1de\u017en\u00edckej v\u00fdmeny s\u00a0n\u00e1zvom \u201cMeet\u00a0Me\u00a0in EU\u201c, ktor\u00e1 sa konala v\u00a0kr\u00e1snom po\u013eskom meste\u00a0\u0141\u00f3d\u017a. T\u00e1to ml\u00e1de\u017en\u00edcka v\u00fdmena trvala 10 dn\u00ed (od 30.06. do 09.07.) po\u010das, ktor\u00fdch sme sa naplno venovali t\u00e9me projektu.\u00a0\u00da\u010dastn\u00edci tejto ml\u00e1de\u017en\u00edckej v\u00fdmeny poch\u00e1dzali z\u00a0Po\u013eska, Talianska, \u0160panielska, Rumunska, Est\u00f3nska, Franc\u00fazska a\u00a0Slovenska.\u00a0Ubytovan\u00ed sme&hellip;&nbsp;\u010c\u00edta\u0165 viac &raquo;Ml\u00e1de\u017en\u00edcka v\u00fdmena Meet Me in EU vol-II\" \/>\n<meta property=\"og:url\" content=\"https:\/\/www.youthforequality.sk\/index.php\/2024\/07\/18\/mladeznicka-vymena-meet-me-in-eu-vol-ii\/\" \/>\n<meta property=\"article:publisher\" content=\"https:\/\/www.facebook.com\/yeslovakia\" \/>\n<meta property=\"article:published_time\" content=\"2024-07-18T09:16:37+00:00\" \/>\n<meta property=\"article:modified_time\" content=\"2024-07-18T09:26:53+00:00\" \/>\n<meta property=\"og:image\" content=\"https:\/\/www.youthforequality.sk\/wp-content\/uploads\/2024\/07\/Snimka-obrazovky-2024-06-07-154900-930x620-1.png\" \/>\n\t<meta property=\"og:image:width\" content=\"930\" \/>\n\t<meta property=\"og:image:height\" content=\"620\" \/>\n\t<meta property=\"og:image:type\" content=\"image\/png\" \/>\n<meta name=\"author\" content=\"David\" \/>\n<meta name=\"twitter:card\" content=\"summary_large_image\" \/>\n<meta name=\"twitter:label1\" content=\"Autor\" \/>\n\t<meta name=\"twitter:data1\" content=\"David\" \/>\n\t<meta name=\"twitter:label2\" content=\"Predpokladan\u00fd \u010das \u010d\u00edtania\" \/>\n\t<meta name=\"twitter:data2\" content=\"3 min\u00faty\" \/>\n<script type=\"application\/ld+json\" class=\"yoast-schema-graph\">{\"@context\":\"https:\\\/\\\/schema.org\",\"@graph\":[{\"@type\":\"Article\",\"@id\":\"https:\\\/\\\/www.youthforequality.sk\\\/index.php\\\/2024\\\/07\\\/18\\\/mladeznicka-vymena-meet-me-in-eu-vol-ii\\\/#article\",\"isPartOf\":{\"@id\":\"https:\\\/\\\/www.youthforequality.sk\\\/index.php\\\/2024\\\/07\\\/18\\\/mladeznicka-vymena-meet-me-in-eu-vol-ii\\\/\"},\"author\":{\"name\":\"David\",\"@id\":\"https:\\\/\\\/www.youthforequality.sk\\\/#\\\/schema\\\/person\\\/ff48b3b37c575617e80ca632040ef14a\"},\"headline\":\"Ml\u00e1de\u017en\u00edcka v\u00fdmena Meet Me in EU vol-II\",\"datePublished\":\"2024-07-18T09:16:37+00:00\",\"dateModified\":\"2024-07-18T09:26:53+00:00\",\"mainEntityOfPage\":{\"@id\":\"https:\\\/\\\/www.youthforequality.sk\\\/index.php\\\/2024\\\/07\\\/18\\\/mladeznicka-vymena-meet-me-in-eu-vol-ii\\\/\"},\"wordCount\":629,\"publisher\":{\"@id\":\"https:\\\/\\\/www.youthforequality.sk\\\/#organization\"},\"image\":{\"@id\":\"https:\\\/\\\/www.youthforequality.sk\\\/index.php\\\/2024\\\/07\\\/18\\\/mladeznicka-vymena-meet-me-in-eu-vol-ii\\\/#primaryimage\"},\"thumbnailUrl\":\"https:\\\/\\\/www.youthforequality.sk\\\/wp-content\\\/uploads\\\/2024\\\/07\\\/Snimka-obrazovky-2024-06-07-154900-930x620-1.png\",\"articleSection\":[\"Blog\"],\"inLanguage\":\"sk-SK\"},{\"@type\":\"WebPage\",\"@id\":\"https:\\\/\\\/www.youthforequality.sk\\\/index.php\\\/2024\\\/07\\\/18\\\/mladeznicka-vymena-meet-me-in-eu-vol-ii\\\/\",\"url\":\"https:\\\/\\\/www.youthforequality.sk\\\/index.php\\\/2024\\\/07\\\/18\\\/mladeznicka-vymena-meet-me-in-eu-vol-ii\\\/\",\"name\":\"Ml\u00e1de\u017en\u00edcka v\u00fdmena Meet Me in EU vol-II |\",\"isPartOf\":{\"@id\":\"https:\\\/\\\/www.youthforequality.sk\\\/#website\"},\"primaryImageOfPage\":{\"@id\":\"https:\\\/\\\/www.youthforequality.sk\\\/index.php\\\/2024\\\/07\\\/18\\\/mladeznicka-vymena-meet-me-in-eu-vol-ii\\\/#primaryimage\"},\"image\":{\"@id\":\"https:\\\/\\\/www.youthforequality.sk\\\/index.php\\\/2024\\\/07\\\/18\\\/mladeznicka-vymena-meet-me-in-eu-vol-ii\\\/#primaryimage\"},\"thumbnailUrl\":\"https:\\\/\\\/www.youthforequality.sk\\\/wp-content\\\/uploads\\\/2024\\\/07\\\/Snimka-obrazovky-2024-06-07-154900-930x620-1.png\",\"datePublished\":\"2024-07-18T09:16:37+00:00\",\"dateModified\":\"2024-07-18T09:26:53+00:00\",\"breadcrumb\":{\"@id\":\"https:\\\/\\\/www.youthforequality.sk\\\/index.php\\\/2024\\\/07\\\/18\\\/mladeznicka-vymena-meet-me-in-eu-vol-ii\\\/#breadcrumb\"},\"inLanguage\":\"sk-SK\",\"potentialAction\":[{\"@type\":\"ReadAction\",\"target\":[\"https:\\\/\\\/www.youthforequality.sk\\\/index.php\\\/2024\\\/07\\\/18\\\/mladeznicka-vymena-meet-me-in-eu-vol-ii\\\/\"]}]},{\"@type\":\"ImageObject\",\"inLanguage\":\"sk-SK\",\"@id\":\"https:\\\/\\\/www.youthforequality.sk\\\/index.php\\\/2024\\\/07\\\/18\\\/mladeznicka-vymena-meet-me-in-eu-vol-ii\\\/#primaryimage\",\"url\":\"https:\\\/\\\/www.youthforequality.sk\\\/wp-content\\\/uploads\\\/2024\\\/07\\\/Snimka-obrazovky-2024-06-07-154900-930x620-1.png\",\"contentUrl\":\"https:\\\/\\\/www.youthforequality.sk\\\/wp-content\\\/uploads\\\/2024\\\/07\\\/Snimka-obrazovky-2024-06-07-154900-930x620-1.png\",\"width\":930,\"height\":620},{\"@type\":\"BreadcrumbList\",\"@id\":\"https:\\\/\\\/www.youthforequality.sk\\\/index.php\\\/2024\\\/07\\\/18\\\/mladeznicka-vymena-meet-me-in-eu-vol-ii\\\/#breadcrumb\",\"itemListElement\":[{\"@type\":\"ListItem\",\"position\":1,\"name\":\"Home\",\"item\":\"https:\\\/\\\/www.youthforequality.sk\\\/\"},{\"@type\":\"ListItem\",\"position\":2,\"name\":\"Ml\u00e1de\u017en\u00edcka v\u00fdmena Meet Me in EU vol-II\"}]},{\"@type\":\"WebSite\",\"@id\":\"https:\\\/\\\/www.youthforequality.sk\\\/#website\",\"url\":\"https:\\\/\\\/www.youthforequality.sk\\\/\",\"name\":\"\",\"description\":\"\",\"publisher\":{\"@id\":\"https:\\\/\\\/www.youthforequality.sk\\\/#organization\"},\"potentialAction\":[{\"@type\":\"SearchAction\",\"target\":{\"@type\":\"EntryPoint\",\"urlTemplate\":\"https:\\\/\\\/www.youthforequality.sk\\\/?s={search_term_string}\"},\"query-input\":{\"@type\":\"PropertyValueSpecification\",\"valueRequired\":true,\"valueName\":\"search_term_string\"}}],\"inLanguage\":\"sk-SK\"},{\"@type\":\"Organization\",\"@id\":\"https:\\\/\\\/www.youthforequality.sk\\\/#organization\",\"name\":\"Youth for Equality\",\"url\":\"https:\\\/\\\/www.youthforequality.sk\\\/\",\"logo\":{\"@type\":\"ImageObject\",\"inLanguage\":\"sk-SK\",\"@id\":\"https:\\\/\\\/www.youthforequality.sk\\\/#\\\/schema\\\/logo\\\/image\\\/\",\"url\":\"https:\\\/\\\/www.youthforequality.sk\\\/wp-content\\\/uploads\\\/2021\\\/01\\\/vynovene-logo-nove-farby_modra-na-web.png\",\"contentUrl\":\"https:\\\/\\\/www.youthforequality.sk\\\/wp-content\\\/uploads\\\/2021\\\/01\\\/vynovene-logo-nove-farby_modra-na-web.png\",\"width\":1,\"height\":1,\"caption\":\"Youth for Equality\"},\"image\":{\"@id\":\"https:\\\/\\\/www.youthforequality.sk\\\/#\\\/schema\\\/logo\\\/image\\\/\"},\"sameAs\":[\"https:\\\/\\\/www.facebook.com\\\/yeslovakia\"]},{\"@type\":\"Person\",\"@id\":\"https:\\\/\\\/www.youthforequality.sk\\\/#\\\/schema\\\/person\\\/ff48b3b37c575617e80ca632040ef14a\",\"name\":\"David\",\"image\":{\"@type\":\"ImageObject\",\"inLanguage\":\"sk-SK\",\"@id\":\"https:\\\/\\\/secure.gravatar.com\\\/avatar\\\/aa6cbe738b189fbc9495d4944ac5a5e15f9fd167ac111e99ca277abe64b19dd8?s=96&d=mm&r=g\",\"url\":\"https:\\\/\\\/secure.gravatar.com\\\/avatar\\\/aa6cbe738b189fbc9495d4944ac5a5e15f9fd167ac111e99ca277abe64b19dd8?s=96&d=mm&r=g\",\"contentUrl\":\"https:\\\/\\\/secure.gravatar.com\\\/avatar\\\/aa6cbe738b189fbc9495d4944ac5a5e15f9fd167ac111e99ca277abe64b19dd8?s=96&d=mm&r=g\",\"caption\":\"David\"},\"url\":\"https:\\\/\\\/www.youthforequality.sk\\\/index.php\\\/author\\\/david\\\/\"}]}<\/script>\n<!-- \/ Yoast SEO plugin. -->","yoast_head_json":{"title":"Ml\u00e1de\u017en\u00edcka v\u00fdmena Meet Me in EU vol-II |","robots":{"index":"index","follow":"follow","max-snippet":"max-snippet:-1","max-image-preview":"max-image-preview:large","max-video-preview":"max-video-preview:-1"},"canonical":"https:\/\/www.youthforequality.sk\/index.php\/2024\/07\/18\/mladeznicka-vymena-meet-me-in-eu-vol-ii\/","og_locale":"sk_SK","og_type":"article","og_title":"Ml\u00e1de\u017en\u00edcka v\u00fdmena Meet Me in EU vol-II |","og_description":"MEET ME IN EU (ml\u00e1de\u017en\u00edcka v\u00fdmena,\u00a0\u0141\u00f3d\u017a, Po\u013esko) \u00a0 V\u010faka organiz\u00e1cii\u00a0Youth\u00a0for\u00a0Equality\u00a0sme mali mo\u017enos\u0165 z\u00fa\u010dastni\u0165 sa ml\u00e1de\u017en\u00edckej v\u00fdmeny s\u00a0n\u00e1zvom \u201cMeet\u00a0Me\u00a0in EU\u201c, ktor\u00e1 sa konala v\u00a0kr\u00e1snom po\u013eskom meste\u00a0\u0141\u00f3d\u017a. T\u00e1to ml\u00e1de\u017en\u00edcka v\u00fdmena trvala 10 dn\u00ed (od 30.06. do 09.07.) po\u010das, ktor\u00fdch sme sa naplno venovali t\u00e9me projektu.\u00a0\u00da\u010dastn\u00edci tejto ml\u00e1de\u017en\u00edckej v\u00fdmeny poch\u00e1dzali z\u00a0Po\u013eska, Talianska, \u0160panielska, Rumunska, Est\u00f3nska, Franc\u00fazska a\u00a0Slovenska.\u00a0Ubytovan\u00ed sme&hellip;&nbsp;\u010c\u00edta\u0165 viac &raquo;Ml\u00e1de\u017en\u00edcka v\u00fdmena Meet Me in EU vol-II","og_url":"https:\/\/www.youthforequality.sk\/index.php\/2024\/07\/18\/mladeznicka-vymena-meet-me-in-eu-vol-ii\/","article_publisher":"https:\/\/www.facebook.com\/yeslovakia","article_published_time":"2024-07-18T09:16:37+00:00","article_modified_time":"2024-07-18T09:26:53+00:00","og_image":[{"width":930,"height":620,"url":"https:\/\/www.youthforequality.sk\/wp-content\/uploads\/2024\/07\/Snimka-obrazovky-2024-06-07-154900-930x620-1.png","type":"image\/png"}],"author":"David","twitter_card":"summary_large_image","twitter_misc":{"Autor":"David","Predpokladan\u00fd \u010das \u010d\u00edtania":"3 min\u00faty"},"schema":{"@context":"https:\/\/schema.org","@graph":[{"@type":"Article","@id":"https:\/\/www.youthforequality.sk\/index.php\/2024\/07\/18\/mladeznicka-vymena-meet-me-in-eu-vol-ii\/#article","isPartOf":{"@id":"https:\/\/www.youthforequality.sk\/index.php\/2024\/07\/18\/mladeznicka-vymena-meet-me-in-eu-vol-ii\/"},"author":{"name":"David","@id":"https:\/\/www.youthforequality.sk\/#\/schema\/person\/ff48b3b37c575617e80ca632040ef14a"},"headline":"Ml\u00e1de\u017en\u00edcka v\u00fdmena Meet Me in EU vol-II","datePublished":"2024-07-18T09:16:37+00:00","dateModified":"2024-07-18T09:26:53+00:00","mainEntityOfPage":{"@id":"https:\/\/www.youthforequality.sk\/index.php\/2024\/07\/18\/mladeznicka-vymena-meet-me-in-eu-vol-ii\/"},"wordCount":629,"publisher":{"@id":"https:\/\/www.youthforequality.sk\/#organization"},"image":{"@id":"https:\/\/www.youthforequality.sk\/index.php\/2024\/07\/18\/mladeznicka-vymena-meet-me-in-eu-vol-ii\/#primaryimage"},"thumbnailUrl":"https:\/\/www.youthforequality.sk\/wp-content\/uploads\/2024\/07\/Snimka-obrazovky-2024-06-07-154900-930x620-1.png","articleSection":["Blog"],"inLanguage":"sk-SK"},{"@type":"WebPage","@id":"https:\/\/www.youthforequality.sk\/index.php\/2024\/07\/18\/mladeznicka-vymena-meet-me-in-eu-vol-ii\/","url":"https:\/\/www.youthforequality.sk\/index.php\/2024\/07\/18\/mladeznicka-vymena-meet-me-in-eu-vol-ii\/","name":"Ml\u00e1de\u017en\u00edcka v\u00fdmena Meet Me in EU vol-II |","isPartOf":{"@id":"https:\/\/www.youthforequality.sk\/#website"},"primaryImageOfPage":{"@id":"https:\/\/www.youthforequality.sk\/index.php\/2024\/07\/18\/mladeznicka-vymena-meet-me-in-eu-vol-ii\/#primaryimage"},"image":{"@id":"https:\/\/www.youthforequality.sk\/index.php\/2024\/07\/18\/mladeznicka-vymena-meet-me-in-eu-vol-ii\/#primaryimage"},"thumbnailUrl":"https:\/\/www.youthforequality.sk\/wp-content\/uploads\/2024\/07\/Snimka-obrazovky-2024-06-07-154900-930x620-1.png","datePublished":"2024-07-18T09:16:37+00:00","dateModified":"2024-07-18T09:26:53+00:00","breadcrumb":{"@id":"https:\/\/www.youthforequality.sk\/index.php\/2024\/07\/18\/mladeznicka-vymena-meet-me-in-eu-vol-ii\/#breadcrumb"},"inLanguage":"sk-SK","potentialAction":[{"@type":"ReadAction","target":["https:\/\/www.youthforequality.sk\/index.php\/2024\/07\/18\/mladeznicka-vymena-meet-me-in-eu-vol-ii\/"]}]},{"@type":"ImageObject","inLanguage":"sk-SK","@id":"https:\/\/www.youthforequality.sk\/index.php\/2024\/07\/18\/mladeznicka-vymena-meet-me-in-eu-vol-ii\/#primaryimage","url":"https:\/\/www.youthforequality.sk\/wp-content\/uploads\/2024\/07\/Snimka-obrazovky-2024-06-07-154900-930x620-1.png","contentUrl":"https:\/\/www.youthforequality.sk\/wp-content\/uploads\/2024\/07\/Snimka-obrazovky-2024-06-07-154900-930x620-1.png","width":930,"height":620},{"@type":"BreadcrumbList","@id":"https:\/\/www.youthforequality.sk\/index.php\/2024\/07\/18\/mladeznicka-vymena-meet-me-in-eu-vol-ii\/#breadcrumb","itemListElement":[{"@type":"ListItem","position":1,"name":"Home","item":"https:\/\/www.youthforequality.sk\/"},{"@type":"ListItem","position":2,"name":"Ml\u00e1de\u017en\u00edcka v\u00fdmena Meet Me in EU vol-II"}]},{"@type":"WebSite","@id":"https:\/\/www.youthforequality.sk\/#website","url":"https:\/\/www.youthforequality.sk\/","name":"","description":"","publisher":{"@id":"https:\/\/www.youthforequality.sk\/#organization"},"potentialAction":[{"@type":"SearchAction","target":{"@type":"EntryPoint","urlTemplate":"https:\/\/www.youthforequality.sk\/?s={search_term_string}"},"query-input":{"@type":"PropertyValueSpecification","valueRequired":true,"valueName":"search_term_string"}}],"inLanguage":"sk-SK"},{"@type":"Organization","@id":"https:\/\/www.youthforequality.sk\/#organization","name":"Youth for Equality","url":"https:\/\/www.youthforequality.sk\/","logo":{"@type":"ImageObject","inLanguage":"sk-SK","@id":"https:\/\/www.youthforequality.sk\/#\/schema\/logo\/image\/","url":"https:\/\/www.youthforequality.sk\/wp-content\/uploads\/2021\/01\/vynovene-logo-nove-farby_modra-na-web.png","contentUrl":"https:\/\/www.youthforequality.sk\/wp-content\/uploads\/2021\/01\/vynovene-logo-nove-farby_modra-na-web.png","width":1,"height":1,"caption":"Youth for Equality"},"image":{"@id":"https:\/\/www.youthforequality.sk\/#\/schema\/logo\/image\/"},"sameAs":["https:\/\/www.facebook.com\/yeslovakia"]},{"@type":"Person","@id":"https:\/\/www.youthforequality.sk\/#\/schema\/person\/ff48b3b37c575617e80ca632040ef14a","name":"David","image":{"@type":"ImageObject","inLanguage":"sk-SK","@id":"https:\/\/secure.gravatar.com\/avatar\/aa6cbe738b189fbc9495d4944ac5a5e15f9fd167ac111e99ca277abe64b19dd8?s=96&d=mm&r=g","url":"https:\/\/secure.gravatar.com\/avatar\/aa6cbe738b189fbc9495d4944ac5a5e15f9fd167ac111e99ca277abe64b19dd8?s=96&d=mm&r=g","contentUrl":"https:\/\/secure.gravatar.com\/avatar\/aa6cbe738b189fbc9495d4944ac5a5e15f9fd167ac111e99ca277abe64b19dd8?s=96&d=mm&r=g","caption":"David"},"url":"https:\/\/www.youthforequality.sk\/index.php\/author\/david\/"}]}},"_links":{"self":[{"href":"https:\/\/www.youthforequality.sk\/index.php\/wp-json\/wp\/v2\/posts\/7585","targetHints":{"allow":["GET"]}}],"collection":[{"href":"https:\/\/www.youthforequality.sk\/index.php\/wp-json\/wp\/v2\/posts"}],"about":[{"href":"https:\/\/www.youthforequality.sk\/index.php\/wp-json\/wp\/v2\/types\/post"}],"author":[{"embeddable":true,"href":"https:\/\/www.youthforequality.sk\/index.php\/wp-json\/wp\/v2\/users\/11"}],"replies":[{"embeddable":true,"href":"https:\/\/www.youthforequality.sk\/index.php\/wp-json\/wp\/v2\/comments?post=7585"}],"version-history":[{"count":3,"href":"https:\/\/www.youthforequality.sk\/index.php\/wp-json\/wp\/v2\/posts\/7585\/revisions"}],"predecessor-version":[{"id":7591,"href":"https:\/\/www.youthforequality.sk\/index.php\/wp-json\/wp\/v2\/posts\/7585\/revisions\/7591"}],"wp:featuredmedia":[{"embeddable":true,"href":"https:\/\/www.youthforequality.sk\/index.php\/wp-json\/wp\/v2\/media\/7588"}],"wp:attachment":[{"href":"https:\/\/www.youthforequality.sk\/index.php\/wp-json\/wp\/v2\/media?parent=7585"}],"wp:term":[{"taxonomy":"category","embeddable":true,"href":"https:\/\/www.youthforequality.sk\/index.php\/wp-json\/wp\/v2\/categories?post=7585"},{"taxonomy":"post_tag","embeddable":true,"href":"https:\/\/www.youthforequality.sk\/index.php\/wp-json\/wp\/v2\/tags?post=7585"}],"curies":[{"name":"wp","href":"https:\/\/api.w.org\/{rel}","templated":true}]}}