{"id":7994,"date":"2024-09-15T11:57:09","date_gmt":"2024-09-15T09:57:09","guid":{"rendered":"https:\/\/www.youthforequality.sk\/index.php\/2024\/09\/15\/esc-mobility-week-copy\/"},"modified":"2025-07-23T11:11:00","modified_gmt":"2025-07-23T09:11:00","slug":"esc-mobility-week-24","status":"publish","type":"post","link":"https:\/\/www.youthforequality.sk\/index.php\/2024\/09\/15\/esc-mobility-week-24\/","title":{"rendered":"ESC: Mobility Week 2024"},"content":{"rendered":"\t\t<div data-elementor-type=\"wp-post\" data-elementor-id=\"7994\" class=\"elementor elementor-7994\">\n\t\t\t\t\t\t<section class=\"elementor-section elementor-top-section elementor-element elementor-element-481b26ed elementor-section-boxed elementor-section-height-default elementor-section-height-default\" data-id=\"481b26ed\" data-element_type=\"section\" data-e-type=\"section\">\n\t\t\t\t\t\t<div class=\"elementor-container elementor-column-gap-default\">\n\t\t\t\t\t<div class=\"elementor-column elementor-col-100 elementor-top-column elementor-element elementor-element-47283c0e\" data-id=\"47283c0e\" data-element_type=\"column\" data-e-type=\"column\">\n\t\t\t<div class=\"elementor-widget-wrap elementor-element-populated\">\n\t\t\t\t\t\t<div class=\"elementor-element elementor-element-51c1491d elementor-widget elementor-widget-text-editor\" data-id=\"51c1491d\" data-element_type=\"widget\" data-e-type=\"widget\" data-widget_type=\"text-editor.default\">\n\t\t\t\t<div class=\"elementor-widget-container\">\n\t\t\t\t\t\t\t\t\t<h1 data-start=\"225\" data-end=\"271\">\ud83c\udf0d <strong data-start=\"228\" data-end=\"269\">European Mobility Week in Trnava \ud83c\uddf8\ud83c\uddf0<\/strong><\/h1><p data-start=\"225\" data-end=\"271\">\u00a0<\/p><p data-start=\"273\" data-end=\"463\">As ESC volunteers, we had the amazing opportunity to take part in <strong data-start=\"339\" data-end=\"365\">European Mobility Week<\/strong> in Trnava \u2014 a week full of learning, collaboration, and discovery. Here&#8217;s a recap of our journey:<\/p><hr data-start=\"465\" data-end=\"468\" \/><p data-start=\"470\" data-end=\"791\"><strong data-start=\"470\" data-end=\"496\">\ud83d\udcc5 10.09 \u2013 Arrival day<\/strong><br data-start=\"496\" data-end=\"499\" \/>Our adventure began as we arrived from across Europe \u2014 Ukraine, T\u00fcrkiye, Czechia, Portugal, and Serbia. Some of us had long travels, others shorter, but all roads led to Trnava. The city welcomed us with sunny weather, cozy streets, and a warm atmosphere that set the tone for the days ahead.<\/p><p data-start=\"470\" data-end=\"791\">\u00a0<\/p><hr data-start=\"793\" data-end=\"796\" \/><p data-start=\"798\" data-end=\"1419\"><strong data-start=\"798\" data-end=\"850\">\ud83d\udcc5 11.09 \u2013 First day: Getting to know each other<\/strong><br data-start=\"850\" data-end=\"853\" \/>We gathered at 9:00 a.m. at the <strong data-start=\"885\" data-end=\"907\">Youth for Equality<\/strong> office. The day began with <strong data-start=\"935\" data-end=\"965\">icebreakers and energizers<\/strong>, making it easier to connect and feel comfortable as a group.<br data-start=\"1027\" data-end=\"1030\" \/>We spent the morning doing <strong data-start=\"1057\" data-end=\"1085\">team-building activities<\/strong>, followed by an introduction to the week\u2019s program. In the afternoon, we learned about <strong data-start=\"1173\" data-end=\"1199\">Erasmus+ opportunities<\/strong> and how to use <strong data-start=\"1215\" data-end=\"1228\">Youthpass<\/strong> to recognize our learning. Later, we explored the city through a fun and educational <strong data-start=\"1314\" data-end=\"1327\">city game<\/strong>, learning about Trnava&#8217;s rich history along the way. You could feel the excitement growing!<\/p><p data-start=\"798\" data-end=\"1419\">\u00a0<\/p><hr data-start=\"1421\" data-end=\"1424\" \/><p data-start=\"1426\" data-end=\"1808\"><strong data-start=\"1426\" data-end=\"1460\">\ud83d\udcc5 12.09 \u2013 Teamwork &amp; mobility<\/strong><br data-start=\"1460\" data-end=\"1463\" \/>We dived deeper into the theme of <strong data-start=\"1497\" data-end=\"1509\">teamwork<\/strong>, continuing with group challenges and reflection. The highlight of the day was an <strong data-start=\"1592\" data-end=\"1644\">inspiring presentation on European Mobility Week<\/strong>, followed by a <strong data-start=\"1660\" data-end=\"1696\">workshop on non-formal education<\/strong>. We gained new insights into how learning can happen in creative and participatory ways \u2014 beyond the classroom.<\/p><p data-start=\"1426\" data-end=\"1808\">\u00a0<\/p><hr data-start=\"1810\" data-end=\"1813\" \/><p data-start=\"1815\" data-end=\"2333\"><strong data-start=\"1815\" data-end=\"1859\">\ud83d\udcc5 13.09 \u2013 Transport &amp; electric mobility<\/strong><br data-start=\"1859\" data-end=\"1862\" \/>This day focused on <strong data-start=\"1882\" data-end=\"1929\">public transportation and electric vehicles<\/strong>. Together, we explored how mobility works in different countries, shared our personal experiences, and discussed challenges related to sustainable commuting.<br data-start=\"2087\" data-end=\"2090\" \/>We also had a chance to <strong data-start=\"2114\" data-end=\"2152\">learn more about e-mobility trends<\/strong> and reflect on what eco-friendly transportation could look like in our own cities. These conversations sparked valuable ideas and showed how local solutions can have global impact.<\/p>\t\t\t\t\t\t\t\t<\/div>\n\t\t\t\t<\/div>\n\t\t\t\t\t<\/div>\n\t\t<\/div>\n\t\t\t\t\t<\/div>\n\t\t<\/section>\n\t\t\t\t<section class=\"elementor-section elementor-top-section elementor-element elementor-element-f33d3ee elementor-section-boxed elementor-section-height-default elementor-section-height-default\" data-id=\"f33d3ee\" data-element_type=\"section\" data-e-type=\"section\">\n\t\t\t\t\t\t<div class=\"elementor-container elementor-column-gap-default\">\n\t\t\t\t\t<div class=\"elementor-column elementor-col-100 elementor-top-column elementor-element elementor-element-53a5ba1\" data-id=\"53a5ba1\" data-element_type=\"column\" data-e-type=\"column\">\n\t\t\t<div class=\"elementor-widget-wrap elementor-element-populated\">\n\t\t\t\t\t\t<div class=\"elementor-element elementor-element-3f61402 elementor-widget elementor-widget-image\" data-id=\"3f61402\" data-element_type=\"widget\" data-e-type=\"widget\" data-widget_type=\"image.default\">\n\t\t\t\t<div class=\"elementor-widget-container\">\n\t\t\t\t\t\t\t\t\t\t\t\t\t\t\t<img decoding=\"async\" width=\"300\" height=\"63\" src=\"https:\/\/www.youthforequality.sk\/wp-content\/uploads\/2023\/10\/EN-Co-funded-by-the-EU_POS-300x63.jpg\" class=\"attachment-medium size-medium wp-image-6940\" alt=\"\" srcset=\"https:\/\/www.youthforequality.sk\/wp-content\/uploads\/2023\/10\/EN-Co-funded-by-the-EU_POS-300x63.jpg 300w, https:\/\/www.youthforequality.sk\/wp-content\/uploads\/2023\/10\/EN-Co-funded-by-the-EU_POS-1024x215.jpg 1024w, https:\/\/www.youthforequality.sk\/wp-content\/uploads\/2023\/10\/EN-Co-funded-by-the-EU_POS-768x161.jpg 768w, https:\/\/www.youthforequality.sk\/wp-content\/uploads\/2023\/10\/EN-Co-funded-by-the-EU_POS-1536x322.jpg 1536w, https:\/\/www.youthforequality.sk\/wp-content\/uploads\/2023\/10\/EN-Co-funded-by-the-EU_POS-2048x430.jpg 2048w\" sizes=\"(max-width: 300px) 100vw, 300px\" \/>\t\t\t\t\t\t\t\t\t\t\t\t\t\t\t<\/div>\n\t\t\t\t<\/div>\n\t\t\t\t\t<\/div>\n\t\t<\/div>\n\t\t\t\t\t<\/div>\n\t\t<\/section>\n\t\t\t\t<section class=\"elementor-section elementor-top-section elementor-element elementor-element-3231581 elementor-section-boxed elementor-section-height-default elementor-section-height-default\" data-id=\"3231581\" data-element_type=\"section\" data-e-type=\"section\">\n\t\t\t\t\t\t<div class=\"elementor-container elementor-column-gap-default\">\n\t\t\t\t\t<div class=\"elementor-column elementor-col-33 elementor-top-column elementor-element elementor-element-f5bf7ae\" data-id=\"f5bf7ae\" data-element_type=\"column\" data-e-type=\"column\">\n\t\t\t<div class=\"elementor-widget-wrap elementor-element-populated\">\n\t\t\t\t\t\t<div class=\"elementor-element elementor-element-c206956 elementor-widget elementor-widget-image\" data-id=\"c206956\" data-element_type=\"widget\" data-e-type=\"widget\" data-widget_type=\"image.default\">\n\t\t\t\t<div class=\"elementor-widget-container\">\n\t\t\t\t\t\t\t\t\t\t\t\t\t\t\t<img fetchpriority=\"high\" decoding=\"async\" width=\"576\" height=\"1024\" src=\"https:\/\/www.youthforequality.sk\/wp-content\/uploads\/2024\/09\/IMG_7084-576x1024.jpg\" class=\"attachment-large size-large wp-image-8004\" alt=\"\" srcset=\"https:\/\/www.youthforequality.sk\/wp-content\/uploads\/2024\/09\/IMG_7084-576x1024.jpg 576w, https:\/\/www.youthforequality.sk\/wp-content\/uploads\/2024\/09\/IMG_7084-169x300.jpg 169w, https:\/\/www.youthforequality.sk\/wp-content\/uploads\/2024\/09\/IMG_7084-768x1365.jpg 768w, https:\/\/www.youthforequality.sk\/wp-content\/uploads\/2024\/09\/IMG_7084-864x1536.jpg 864w, https:\/\/www.youthforequality.sk\/wp-content\/uploads\/2024\/09\/IMG_7084-1152x2048.jpg 1152w, https:\/\/www.youthforequality.sk\/wp-content\/uploads\/2024\/09\/IMG_7084-scaled.jpg 1440w\" sizes=\"(max-width: 576px) 100vw, 576px\" \/>\t\t\t\t\t\t\t\t\t\t\t\t\t\t\t<\/div>\n\t\t\t\t<\/div>\n\t\t\t\t\t<\/div>\n\t\t<\/div>\n\t\t\t\t<div class=\"elementor-column elementor-col-33 elementor-top-column elementor-element elementor-element-fdde1bf\" data-id=\"fdde1bf\" data-element_type=\"column\" data-e-type=\"column\">\n\t\t\t<div class=\"elementor-widget-wrap elementor-element-populated\">\n\t\t\t\t\t\t<div class=\"elementor-element elementor-element-09e1358 elementor-widget elementor-widget-image\" data-id=\"09e1358\" data-element_type=\"widget\" data-e-type=\"widget\" data-widget_type=\"image.default\">\n\t\t\t\t<div class=\"elementor-widget-container\">\n\t\t\t\t\t\t\t\t\t\t\t\t\t\t\t<img decoding=\"async\" width=\"2560\" height=\"1920\" src=\"https:\/\/www.youthforequality.sk\/wp-content\/uploads\/2024\/09\/IMG_7076-scaled.jpg\" class=\"attachment-full size-full wp-image-8003\" alt=\"\" srcset=\"https:\/\/www.youthforequality.sk\/wp-content\/uploads\/2024\/09\/IMG_7076-scaled.jpg 2560w, https:\/\/www.youthforequality.sk\/wp-content\/uploads\/2024\/09\/IMG_7076-300x225.jpg 300w, https:\/\/www.youthforequality.sk\/wp-content\/uploads\/2024\/09\/IMG_7076-1024x768.jpg 1024w, https:\/\/www.youthforequality.sk\/wp-content\/uploads\/2024\/09\/IMG_7076-768x576.jpg 768w, https:\/\/www.youthforequality.sk\/wp-content\/uploads\/2024\/09\/IMG_7076-1536x1152.jpg 1536w, https:\/\/www.youthforequality.sk\/wp-content\/uploads\/2024\/09\/IMG_7076-2048x1536.jpg 2048w\" sizes=\"(max-width: 2560px) 100vw, 2560px\" \/>\t\t\t\t\t\t\t\t\t\t\t\t\t\t\t<\/div>\n\t\t\t\t<\/div>\n\t\t\t\t\t<\/div>\n\t\t<\/div>\n\t\t\t\t<div class=\"elementor-column elementor-col-33 elementor-top-column elementor-element elementor-element-19a00f1\" data-id=\"19a00f1\" data-element_type=\"column\" data-e-type=\"column\">\n\t\t\t<div class=\"elementor-widget-wrap elementor-element-populated\">\n\t\t\t\t\t\t<div class=\"elementor-element elementor-element-dd2c3cb elementor-widget elementor-widget-image\" data-id=\"dd2c3cb\" data-element_type=\"widget\" data-e-type=\"widget\" data-widget_type=\"image.default\">\n\t\t\t\t<div class=\"elementor-widget-container\">\n\t\t\t\t\t\t\t\t\t\t\t\t\t\t\t<img loading=\"lazy\" decoding=\"async\" width=\"768\" height=\"1024\" src=\"https:\/\/www.youthforequality.sk\/wp-content\/uploads\/2024\/09\/IMG_0017-768x1024.jpg\" class=\"attachment-large size-large wp-image-8001\" alt=\"\" srcset=\"https:\/\/www.youthforequality.sk\/wp-content\/uploads\/2024\/09\/IMG_0017-768x1024.jpg 768w, https:\/\/www.youthforequality.sk\/wp-content\/uploads\/2024\/09\/IMG_0017-225x300.jpg 225w, https:\/\/www.youthforequality.sk\/wp-content\/uploads\/2024\/09\/IMG_0017-1152x1536.jpg 1152w, https:\/\/www.youthforequality.sk\/wp-content\/uploads\/2024\/09\/IMG_0017-1536x2048.jpg 1536w, https:\/\/www.youthforequality.sk\/wp-content\/uploads\/2024\/09\/IMG_0017-scaled.jpg 1920w\" sizes=\"(max-width: 768px) 100vw, 768px\" \/>\t\t\t\t\t\t\t\t\t\t\t\t\t\t\t<\/div>\n\t\t\t\t<\/div>\n\t\t\t\t\t<\/div>\n\t\t<\/div>\n\t\t\t\t\t<\/div>\n\t\t<\/section>\n\t\t\t\t<section class=\"elementor-section elementor-top-section elementor-element elementor-element-5d6e34e elementor-section-boxed elementor-section-height-default elementor-section-height-default\" data-id=\"5d6e34e\" data-element_type=\"section\" data-e-type=\"section\">\n\t\t\t\t\t\t<div class=\"elementor-container elementor-column-gap-default\">\n\t\t\t\t\t<div class=\"elementor-column elementor-col-100 elementor-top-column elementor-element elementor-element-fc0070c\" data-id=\"fc0070c\" data-element_type=\"column\" data-e-type=\"column\">\n\t\t\t<div class=\"elementor-widget-wrap elementor-element-populated\">\n\t\t\t\t\t\t<div class=\"elementor-element elementor-element-66ee500 elementor-widget elementor-widget-text-editor\" data-id=\"66ee500\" data-element_type=\"widget\" data-e-type=\"widget\" data-widget_type=\"text-editor.default\">\n\t\t\t\t<div class=\"elementor-widget-container\">\n\t\t\t\t\t\t\t\t\t<p data-start=\"423\" data-end=\"719\">After getting the whole introduction of the topic and practical training, throughout the second week of European Mobility Week, we supported and co-organized a series of public activities and workshops aimed at raising awareness about sustainable mobility, energy-saving, and active citizenship.<\/p><p data-start=\"423\" data-end=\"719\">\u00a0<\/p><p data-start=\"423\" data-end=\"719\">Here\u2019s what we experienced and helped make happen:<\/p><hr data-start=\"721\" data-end=\"724\" \/><p data-start=\"726\" data-end=\"796\"><strong>\ud83d\udeb2 16.09 \u2013 Exploring European transport systems &amp; future visions<\/strong><\/p><p data-start=\"798\" data-end=\"1091\">We kicked off the new week with our usual energizers to boost team spirit, followed by a lively group discussion about transportation systems across Europe. Volunteers compared how different countries handle public transport, cycling, electric vehicles, and other eco-friendly solutions.<\/p><p data-start=\"798\" data-end=\"1091\">\u00a0<\/p><p data-start=\"1093\" data-end=\"1379\">Later, we moved into a creative workshop where we invited a local youth and we began co-designing our vision for the future of mobility. The ideas we generated imagined a world with cleaner, smarter, and more accessible transportation \u2014 a vision we were excited to share with the public in the days to come.<\/p><p data-start=\"1093\" data-end=\"1379\">\u00a0<\/p><hr data-start=\"1381\" data-end=\"1384\" \/><p data-start=\"1386\" data-end=\"1433\"><strong>\ud83d\udde3\ufe0f 17.09 \u2013 Connecting with Trnava Locals<\/strong><\/p><p data-start=\"1435\" data-end=\"1585\">With our visions now finalized and presented as artistic posters, we headed out into the sunny streets of Trnava for a public outreach activity.<\/p><p data-start=\"1587\" data-end=\"1973\">Volunteers worked in small teams to interview local residents, asking them what they knew about European Mobility Week and their views on transport in the city. At the same time, we introduced our own ideas and shared information about Youth for Equality and our volunteer team. It was a great chance to exchange knowledge and connect with the community in a meaningful way.<\/p><p data-start=\"1587\" data-end=\"1973\">\u00a0<\/p><hr data-start=\"1975\" data-end=\"1978\" \/><p data-start=\"1980\" data-end=\"2027\"><strong>\ud83c\udf31 18.09 \u2013 Safe energy &amp; eco-mobility day<\/strong><\/p><p data-start=\"2029\" data-end=\"2257\">Wednesday\u2019s theme was \u201cSafe Energy\u201d, and the day started with a presentation and group discussion on the topic with local youth. Together, we looked at both challenges and possible solutions related to sustainable energy and transport.<\/p><p data-start=\"2029\" data-end=\"2257\">\u00a0<\/p><p data-start=\"2259\" data-end=\"2554\">In the afternoon, we co-organized an eco-biking event with Trnavsk\u00e1 Klubov\u0148a, where we rode bikes together with local citizens and young people. We also had the chance to explore their youth centers and spend time discussing environmental topics and youth initiatives with local teens.<\/p><p data-start=\"2259\" data-end=\"2554\">\u00a0<\/p><hr data-start=\"2556\" data-end=\"2559\" \/><p data-start=\"2561\" data-end=\"2637\"><strong>\ud83d\uddf3\ufe0f 19.09 \u2013 Conference on Youth participation<\/strong><\/p><p data-start=\"2639\" data-end=\"2894\">Thursday marked one of the highlights of the week: we helped to organise a huge conference, which was prepared and hosted by the Youth\u00a0for Equality. The focus was on democracy, youth participation and we also focused on sustainable mobility.<\/p><p data-start=\"2896\" data-end=\"3183\">The discussion included guest speakers such as <strong>Nadia Nov\u00e1kov\u00e1 (European Parliament), Denisa Karabov\u00e1 (European Dialogue), and M\u00e1rio Vr\u00e1be\u013e (young civic activist),<\/strong> who shared valuable insights on how young people can stay informed and use their voices to strengthen democracy.<\/p><p data-start=\"2896\" data-end=\"3183\">\u00a0<\/p><p data-start=\"3185\" data-end=\"3419\">Later that day, we made a trip to <strong data-start=\"3219\" data-end=\"3233\">Bratislava<\/strong> to see the city at sunset, walk along the Danube (which was unusually high due to recent rains), taste traditional Slovak food, and learn more about the country\u2019s history and culture.<\/p><p data-start=\"3185\" data-end=\"3419\">\u00a0<\/p><hr data-start=\"3421\" data-end=\"3424\" \/><p data-start=\"3426\" data-end=\"3476\"><strong>\u267b\ufe0f 20.09 \u2013 Car-free day &amp; Community clean-up<\/strong><\/p><p data-start=\"3478\" data-end=\"3708\">On Friday \u2014 also known as Car-Free Day \u2014 we supported a series of interactive workshops at our festival, using games and engaging methods to help young people understand energy-saving habits and sustainable transport.<\/p><p data-start=\"3478\" data-end=\"3708\">\u00a0<\/p><p data-start=\"3710\" data-end=\"3928\">In the afternoon, we organized a community clean-up with locals in one of Trnava\u2019s parks, where we not only collected litter but also created small pieces of environmental art from the trash \u2014 turning waste into awareness.<\/p><p data-start=\"3710\" data-end=\"3928\">\u00a0<\/p><hr data-start=\"3930\" data-end=\"3933\" \/><p data-start=\"3935\" data-end=\"3977\"><strong>\ud83c\udfd4\ufe0f 21\u201322.09 \u2013 High Tatras adventure<\/strong><\/p><p data-start=\"3979\" data-end=\"4231\">To wrap up a dynamic and impactful week, the weekend took us out of the city and into the mountains. We spent two unforgettable days hiking in the High Tatras, visiting iconic places like \u0160trbsk\u00e9 Pleso, Popradsk\u00e9 Pleso, and Hrebienok.<\/p><p data-start=\"4233\" data-end=\"4506\">Surrounded by waterfalls, nature, and postcard-perfect views, we created new memories, shared laughs, and of course, found plenty of photo opportunities. Tired but happy, we returned to Trnava filled with inspiration \u2014 and maybe just a little bit sore from all that hiking.<\/p><p data-start=\"4233\" data-end=\"4506\">\u00a0<\/p><hr data-start=\"4508\" data-end=\"4511\" \/><p data-start=\"4513\" data-end=\"4770\">\u2728 It\u2019s hard to imagine a more fulfilling end to the second week of our ESC volunteering journey. From organizing public events to engaging with young people and citizens, we felt the real impact of coming together for a healthier, more sustainable Europe.<\/p>\t\t\t\t\t\t\t\t<\/div>\n\t\t\t\t<\/div>\n\t\t\t\t\t<\/div>\n\t\t<\/div>\n\t\t\t\t\t<\/div>\n\t\t<\/section>\n\t\t\t\t<section class=\"elementor-section elementor-top-section elementor-element elementor-element-bd82950 elementor-section-boxed elementor-section-height-default elementor-section-height-default\" data-id=\"bd82950\" data-element_type=\"section\" data-e-type=\"section\">\n\t\t\t\t\t\t<div class=\"elementor-container elementor-column-gap-default\">\n\t\t\t\t\t<div class=\"elementor-column elementor-col-100 elementor-top-column elementor-element elementor-element-2b66d5e\" data-id=\"2b66d5e\" data-element_type=\"column\" data-e-type=\"column\">\n\t\t\t<div class=\"elementor-widget-wrap elementor-element-populated\">\n\t\t\t\t\t\t<div class=\"elementor-element elementor-element-285b7aa elementor-widget elementor-widget-image\" data-id=\"285b7aa\" data-element_type=\"widget\" data-e-type=\"widget\" data-widget_type=\"image.default\">\n\t\t\t\t<div class=\"elementor-widget-container\">\n\t\t\t\t\t\t\t\t\t\t\t\t\t\t\t<img loading=\"lazy\" decoding=\"async\" width=\"768\" height=\"1365\" src=\"https:\/\/www.youthforequality.sk\/wp-content\/uploads\/2024\/09\/2-768x1365.jpg\" class=\"attachment-medium_large size-medium_large wp-image-8048\" alt=\"\" srcset=\"https:\/\/www.youthforequality.sk\/wp-content\/uploads\/2024\/09\/2-768x1365.jpg 768w, https:\/\/www.youthforequality.sk\/wp-content\/uploads\/2024\/09\/2-169x300.jpg 169w, https:\/\/www.youthforequality.sk\/wp-content\/uploads\/2024\/09\/2-576x1024.jpg 576w, https:\/\/www.youthforequality.sk\/wp-content\/uploads\/2024\/09\/2-864x1536.jpg 864w, https:\/\/www.youthforequality.sk\/wp-content\/uploads\/2024\/09\/2.jpg 1134w\" sizes=\"(max-width: 768px) 100vw, 768px\" \/>\t\t\t\t\t\t\t\t\t\t\t\t\t\t\t<\/div>\n\t\t\t\t<\/div>\n\t\t\t\t\t<\/div>\n\t\t<\/div>\n\t\t\t\t\t<\/div>\n\t\t<\/section>\n\t\t\t\t<section class=\"elementor-section elementor-top-section elementor-element elementor-element-e41e76b elementor-section-boxed elementor-section-height-default elementor-section-height-default\" data-id=\"e41e76b\" data-element_type=\"section\" data-e-type=\"section\">\n\t\t\t\t\t\t<div class=\"elementor-container elementor-column-gap-default\">\n\t\t\t\t\t<div class=\"elementor-column elementor-col-50 elementor-top-column elementor-element elementor-element-821d618\" data-id=\"821d618\" data-element_type=\"column\" data-e-type=\"column\">\n\t\t\t<div class=\"elementor-widget-wrap elementor-element-populated\">\n\t\t\t\t\t\t<div class=\"elementor-element elementor-element-9d2eeeb elementor-widget elementor-widget-image\" data-id=\"9d2eeeb\" data-element_type=\"widget\" data-e-type=\"widget\" data-widget_type=\"image.default\">\n\t\t\t\t<div class=\"elementor-widget-container\">\n\t\t\t\t\t\t\t\t\t\t\t\t\t\t\t<img loading=\"lazy\" decoding=\"async\" width=\"768\" height=\"1024\" src=\"https:\/\/www.youthforequality.sk\/wp-content\/uploads\/2024\/09\/1-768x1024.jpg\" class=\"attachment-large size-large wp-image-8047\" alt=\"\" srcset=\"https:\/\/www.youthforequality.sk\/wp-content\/uploads\/2024\/09\/1-768x1024.jpg 768w, https:\/\/www.youthforequality.sk\/wp-content\/uploads\/2024\/09\/1-225x300.jpg 225w, https:\/\/www.youthforequality.sk\/wp-content\/uploads\/2024\/09\/1-1152x1536.jpg 1152w, https:\/\/www.youthforequality.sk\/wp-content\/uploads\/2024\/09\/1.jpg 1200w\" sizes=\"(max-width: 768px) 100vw, 768px\" \/>\t\t\t\t\t\t\t\t\t\t\t\t\t\t\t<\/div>\n\t\t\t\t<\/div>\n\t\t\t\t\t<\/div>\n\t\t<\/div>\n\t\t\t\t<div class=\"elementor-column elementor-col-50 elementor-top-column elementor-element elementor-element-4021855\" data-id=\"4021855\" data-element_type=\"column\" data-e-type=\"column\">\n\t\t\t<div class=\"elementor-widget-wrap elementor-element-populated\">\n\t\t\t\t\t\t<div class=\"elementor-element elementor-element-e9962d3 elementor-widget elementor-widget-image\" data-id=\"e9962d3\" data-element_type=\"widget\" data-e-type=\"widget\" data-widget_type=\"image.default\">\n\t\t\t\t<div class=\"elementor-widget-container\">\n\t\t\t\t\t\t\t\t\t\t\t\t\t\t\t<img loading=\"lazy\" decoding=\"async\" width=\"1024\" height=\"768\" src=\"https:\/\/www.youthforequality.sk\/wp-content\/uploads\/2024\/09\/WhatsApp-Image-2024-09-23-at-21.58.18-1024x768.jpeg\" class=\"attachment-large size-large wp-image-8054\" alt=\"\" srcset=\"https:\/\/www.youthforequality.sk\/wp-content\/uploads\/2024\/09\/WhatsApp-Image-2024-09-23-at-21.58.18-1024x768.jpeg 1024w, https:\/\/www.youthforequality.sk\/wp-content\/uploads\/2024\/09\/WhatsApp-Image-2024-09-23-at-21.58.18-300x225.jpeg 300w, https:\/\/www.youthforequality.sk\/wp-content\/uploads\/2024\/09\/WhatsApp-Image-2024-09-23-at-21.58.18-768x576.jpeg 768w, https:\/\/www.youthforequality.sk\/wp-content\/uploads\/2024\/09\/WhatsApp-Image-2024-09-23-at-21.58.18.jpeg 1280w\" sizes=\"(max-width: 1024px) 100vw, 1024px\" \/>\t\t\t\t\t\t\t\t\t\t\t\t\t\t\t<\/div>\n\t\t\t\t<\/div>\n\t\t\t\t\t<\/div>\n\t\t<\/div>\n\t\t\t\t\t<\/div>\n\t\t<\/section>\n\t\t\t\t<section class=\"elementor-section elementor-top-section elementor-element elementor-element-566bc56 elementor-section-boxed elementor-section-height-default elementor-section-height-default\" data-id=\"566bc56\" data-element_type=\"section\" data-e-type=\"section\">\n\t\t\t\t\t\t<div class=\"elementor-container elementor-column-gap-default\">\n\t\t\t\t\t<div class=\"elementor-column elementor-col-50 elementor-top-column elementor-element elementor-element-092ec3c\" data-id=\"092ec3c\" data-element_type=\"column\" data-e-type=\"column\">\n\t\t\t<div class=\"elementor-widget-wrap elementor-element-populated\">\n\t\t\t\t\t\t<div class=\"elementor-element elementor-element-d2aa6e3 elementor-widget elementor-widget-image\" data-id=\"d2aa6e3\" data-element_type=\"widget\" data-e-type=\"widget\" data-widget_type=\"image.default\">\n\t\t\t\t<div class=\"elementor-widget-container\">\n\t\t\t\t\t\t\t\t\t\t\t\t\t\t\t<img loading=\"lazy\" decoding=\"async\" width=\"768\" height=\"1024\" src=\"https:\/\/www.youthforequality.sk\/wp-content\/uploads\/2024\/09\/WhatsApp-Image-2024-09-23-at-21.58.21-768x1024.jpeg\" class=\"attachment-large size-large wp-image-8052\" alt=\"\" srcset=\"https:\/\/www.youthforequality.sk\/wp-content\/uploads\/2024\/09\/WhatsApp-Image-2024-09-23-at-21.58.21-768x1024.jpeg 768w, https:\/\/www.youthforequality.sk\/wp-content\/uploads\/2024\/09\/WhatsApp-Image-2024-09-23-at-21.58.21-225x300.jpeg 225w, https:\/\/www.youthforequality.sk\/wp-content\/uploads\/2024\/09\/WhatsApp-Image-2024-09-23-at-21.58.21-1152x1536.jpeg 1152w, https:\/\/www.youthforequality.sk\/wp-content\/uploads\/2024\/09\/WhatsApp-Image-2024-09-23-at-21.58.21.jpeg 1536w\" sizes=\"(max-width: 768px) 100vw, 768px\" \/>\t\t\t\t\t\t\t\t\t\t\t\t\t\t\t<\/div>\n\t\t\t\t<\/div>\n\t\t\t\t\t<\/div>\n\t\t<\/div>\n\t\t\t\t<div class=\"elementor-column elementor-col-50 elementor-top-column elementor-element elementor-element-e67eaa0\" data-id=\"e67eaa0\" data-element_type=\"column\" data-e-type=\"column\">\n\t\t\t<div class=\"elementor-widget-wrap elementor-element-populated\">\n\t\t\t\t\t\t<div class=\"elementor-element elementor-element-a220393 elementor-widget elementor-widget-image\" data-id=\"a220393\" data-element_type=\"widget\" data-e-type=\"widget\" data-widget_type=\"image.default\">\n\t\t\t\t<div class=\"elementor-widget-container\">\n\t\t\t\t\t\t\t\t\t\t\t\t\t\t\t<img loading=\"lazy\" decoding=\"async\" width=\"576\" height=\"1024\" src=\"https:\/\/www.youthforequality.sk\/wp-content\/uploads\/2024\/09\/WhatsApp-Image-2024-09-23-at-21.58.23-576x1024.jpeg\" class=\"attachment-large size-large wp-image-8050\" alt=\"\" srcset=\"https:\/\/www.youthforequality.sk\/wp-content\/uploads\/2024\/09\/WhatsApp-Image-2024-09-23-at-21.58.23-576x1024.jpeg 576w, https:\/\/www.youthforequality.sk\/wp-content\/uploads\/2024\/09\/WhatsApp-Image-2024-09-23-at-21.58.23-169x300.jpeg 169w, https:\/\/www.youthforequality.sk\/wp-content\/uploads\/2024\/09\/WhatsApp-Image-2024-09-23-at-21.58.23-768x1365.jpeg 768w, https:\/\/www.youthforequality.sk\/wp-content\/uploads\/2024\/09\/WhatsApp-Image-2024-09-23-at-21.58.23-864x1536.jpeg 864w, https:\/\/www.youthforequality.sk\/wp-content\/uploads\/2024\/09\/WhatsApp-Image-2024-09-23-at-21.58.23.jpeg 1134w\" sizes=\"(max-width: 576px) 100vw, 576px\" \/>\t\t\t\t\t\t\t\t\t\t\t\t\t\t\t<\/div>\n\t\t\t\t<\/div>\n\t\t\t\t\t<\/div>\n\t\t<\/div>\n\t\t\t\t\t<\/div>\n\t\t<\/section>\n\t\t\t\t<section class=\"elementor-section elementor-top-section elementor-element elementor-element-1353e6b elementor-section-boxed elementor-section-height-default elementor-section-height-default\" data-id=\"1353e6b\" data-element_type=\"section\" data-e-type=\"section\">\n\t\t\t\t\t\t<div class=\"elementor-container elementor-column-gap-default\">\n\t\t\t\t\t<div class=\"elementor-column elementor-col-100 elementor-top-column elementor-element elementor-element-892142f\" data-id=\"892142f\" data-element_type=\"column\" data-e-type=\"column\">\n\t\t\t<div class=\"elementor-widget-wrap elementor-element-populated\">\n\t\t\t\t\t\t<div class=\"elementor-element elementor-element-a604239 elementor-widget elementor-widget-video\" data-id=\"a604239\" data-element_type=\"widget\" data-e-type=\"widget\" data-settings=\"{&quot;video_type&quot;:&quot;hosted&quot;,&quot;controls&quot;:&quot;yes&quot;}\" data-widget_type=\"video.default\">\n\t\t\t\t<div class=\"elementor-widget-container\">\n\t\t\t\t\t\t\t<div class=\"e-hosted-video elementor-wrapper elementor-open-inline\">\n\t\t\t\t\t<video class=\"elementor-video\" src=\"https:\/\/www.youthforequality.sk\/wp-content\/uploads\/2024\/09\/1727115740354367.mp4\" controls=\"\" preload=\"metadata\" controlsList=\"nodownload\"><\/video>\n\t\t\t\t<\/div>\n\t\t\t\t\t\t<\/div>\n\t\t\t\t<\/div>\n\t\t\t\t\t<\/div>\n\t\t<\/div>\n\t\t\t\t\t<\/div>\n\t\t<\/section>\n\t\t\t\t<section class=\"elementor-section elementor-top-section elementor-element elementor-element-00f7acd elementor-section-boxed elementor-section-height-default elementor-section-height-default\" data-id=\"00f7acd\" data-element_type=\"section\" data-e-type=\"section\">\n\t\t\t\t\t\t<div class=\"elementor-container elementor-column-gap-default\">\n\t\t\t\t\t<div class=\"elementor-column elementor-col-100 elementor-top-column elementor-element elementor-element-6f1caf9\" data-id=\"6f1caf9\" data-element_type=\"column\" data-e-type=\"column\">\n\t\t\t<div class=\"elementor-widget-wrap elementor-element-populated\">\n\t\t\t\t\t\t<div class=\"elementor-element elementor-element-877c212 elementor-widget elementor-widget-text-editor\" data-id=\"877c212\" data-element_type=\"widget\" data-e-type=\"widget\" data-widget_type=\"text-editor.default\">\n\t\t\t\t<div class=\"elementor-widget-container\">\n\t\t\t\t\t\t\t\t\t<p data-start=\"374\" data-end=\"802\">The third and final week of our ESC volunteering journey during <strong data-start=\"438\" data-end=\"464\">European Mobility Week<\/strong> in Trnava was filled with hands-on learning, cultural exchange, outdoor adventures, and meaningful reflection. As ESC volunteers, we supported Youth for Equality in co-organizing and participating in various public and educational activities aimed at raising awareness about sustainability, mobility, and intercultural understanding.<\/p><p data-start=\"374\" data-end=\"802\">\u00a0<\/p><hr data-start=\"804\" data-end=\"807\" \/><p data-start=\"809\" data-end=\"872\"><strong>\u26a1 23.09 \u2013 Visit to Jaslovsk\u00e9 Bohunice nuclear power plant<\/strong><\/p><p data-start=\"874\" data-end=\"1143\">We started the week with a study visit to the Jaslovsk\u00e9 Bohunice Nuclear Power Plant, heading out early in the morning by bus. The visit offered us a fascinating insight into how nuclear energy is generated and how it fits into Slovakia\u2019s energy strategy.<\/p><p data-start=\"1145\" data-end=\"1417\">We learned about the plant\u2019s operations, safety standards, and its role in the national energy grid. This experience opened up engaging group discussions about the challenges of energy sustainability and the importance of exploring greener alternatives for the future.<\/p><p data-start=\"1145\" data-end=\"1417\">\u00a0<\/p><hr data-start=\"1419\" data-end=\"1422\" \/><p data-start=\"1424\" data-end=\"1480\"><strong>\u267b\ufe0f 24.09 \u2013 Recycling facility visit &amp; Yoga session<\/strong><\/p><p data-start=\"1482\" data-end=\"1807\">We organised a field visit for local youth to the FCC recycling facility in Trnava, where we were all guided through the city\u2019s waste management and recycling process. Staff explained how different types of waste are sorted, processed, and prepared for reuse \u2014 showing us how recycling contributes to reducing environmental impact.<\/p><p data-start=\"1482\" data-end=\"1807\">\u00a0<\/p><p data-start=\"1809\" data-end=\"1988\">In the afternoon, we balanced our intense morning with a relaxing yoga session for public in a park. This gave us a moment to unwind and reflect, while recharging both physically and mentally.<\/p><p data-start=\"1809\" data-end=\"1988\">\u00a0<\/p><hr data-start=\"1990\" data-end=\"1993\" \/><p data-start=\"1995\" data-end=\"2049\"><strong>\ud83d\udcda 25.09 \u2013 Human library &amp; Slovak language class<\/strong><\/p><p data-start=\"2051\" data-end=\"2323\">As volunteers, we co-organized a Human Library event, where each of us shared our knowledge about mobility week, stories, videos, and traditions from our home countries. This form of cultural exchange deepened mutual understanding among participants and helped foster an appreciation of diversity.<\/p><p data-start=\"2051\" data-end=\"2323\">\u00a0<\/p><p data-start=\"2325\" data-end=\"2566\">Later in the day, we joined a Slovak language lesson, learning key everyday phrases and vocabulary. This not only helped us feel more confident navigating life in Trnava, but also strengthened our connection with the local community.<\/p><p data-start=\"2325\" data-end=\"2566\">\u00a0<\/p><hr data-start=\"2568\" data-end=\"2571\" \/><p data-start=\"2573\" data-end=\"2627\"><strong>\ud83c\udff0 26.09 \u2013 Smolenice hike &amp; Digital storytelling<\/strong><\/p><p data-start=\"2629\" data-end=\"2904\">We spent the morning on an international hike in Smolenice, where we explored beautiful trails, visited the fairy-tale Smolenice Castle, and admired a peaceful nearby waterfall. A special highlight was visiting honey factory, a traditional Slovak delicacy.<\/p><p data-start=\"2629\" data-end=\"2904\">\u00a0<\/p><p data-start=\"2906\" data-end=\"3204\">After returning to Trnava, we shifted gears to digital storytelling. We worked on creating social media content and promotional materials to capture and reflect the essence of our experiences during the project \u2014 not only what we did, but what it meant to us and those we met along the way.<\/p><p data-start=\"2906\" data-end=\"3204\">\u00a0<\/p><p data-start=\"329\" data-end=\"380\"><strong>\ud83e\uddd8 27.09 \u2013 Reflection, yoga &amp; public outreach<\/strong><\/p><p data-start=\"382\" data-end=\"633\">Friday was a day of balance and creativity. We began the morning with a yoga session in the park for public, followed by a mentoring and reflection workshop, giving us space to process everything we had learned and experienced throughout the project.<\/p><p data-start=\"635\" data-end=\"960\">At the same time, part of our team helped to organise a public event on sustainability, where we shared the outcomes of our volunteering and discussed sustainability with the public. Some of us also worked on digital content creation, producing blogs, videos, and social media posts that captured the spirit of our ESC journey.<\/p><p data-start=\"635\" data-end=\"960\">\u00a0<\/p><p data-start=\"962\" data-end=\"1099\">In the evening, we wrapped up the day with board games and a fun karaoke night, celebrating the friendships and memories we had made.<\/p><p data-start=\"962\" data-end=\"1099\">\u00a0<\/p><hr data-start=\"1101\" data-end=\"1104\" \/><p data-start=\"1106\" data-end=\"1168\"><strong>\ud83e\udded 30.09 \u2013 Final presentations, CV Workshop &amp; evaluation<\/strong><\/p><p data-start=\"1170\" data-end=\"1479\">The last Monday of the project was dedicated to dissemination and closure. In the morning, we visited a local school to share our results and experiences from European Mobility Week with students, encouraging them to think critically about mobility, sustainability, and international volunteering.<\/p><p data-start=\"1170\" data-end=\"1479\">\u00a0<\/p><p data-start=\"1481\" data-end=\"1847\">Later, we took part in a career-focused workshop, where we worked on updating our CVs, highlighting the new skills we had developed \u2014 from teamwork and public speaking to event organization and intercultural communication. We reflect our our knowledge through Youthpass and participated in a final evaluation session with Youth for Equality, reflecting on what the project had meant to each of us. Besides, we had a mentor available every day and we organised reflections several times per week.\u00a0<\/p><hr data-start=\"1849\" data-end=\"1852\" \/><p data-start=\"1854\" data-end=\"1895\"><strong>\u2708\ufe0f 01.10 \u2013 Wrapping up and goodbyes<\/strong><\/p><p data-start=\"1897\" data-end=\"2129\">Our last day was all about mentoring, reflection, and preparing for departure. We shared our follow-up plans \u2014 how we want to bring this experience back to our communities \u2014 and made time for final thoughts, hugs, and farewells.<\/p><p data-start=\"1897\" data-end=\"2129\">\u00a0<\/p><p data-start=\"2131\" data-end=\"2273\">While our time in Trnava came to an end, the friendships, knowledge, and memories we created will stay with us long after the journey home. \ud83d\udc9b<\/p><p data-start=\"2906\" data-end=\"3204\">\u00a0<\/p>\t\t\t\t\t\t\t\t<\/div>\n\t\t\t\t<\/div>\n\t\t\t\t\t<\/div>\n\t\t<\/div>\n\t\t\t\t\t<\/div>\n\t\t<\/section>\n\t\t\t\t<section class=\"elementor-section elementor-top-section elementor-element elementor-element-a4b402d elementor-section-boxed elementor-section-height-default elementor-section-height-default\" data-id=\"a4b402d\" data-element_type=\"section\" data-e-type=\"section\">\n\t\t\t\t\t\t<div class=\"elementor-container elementor-column-gap-default\">\n\t\t\t\t\t<div class=\"elementor-column elementor-col-100 elementor-top-column elementor-element elementor-element-95c9512\" data-id=\"95c9512\" data-element_type=\"column\" data-e-type=\"column\">\n\t\t\t<div class=\"elementor-widget-wrap elementor-element-populated\">\n\t\t\t\t\t\t<div class=\"elementor-element elementor-element-c38c875 elementor-widget elementor-widget-video\" data-id=\"c38c875\" data-element_type=\"widget\" data-e-type=\"widget\" data-settings=\"{&quot;video_type&quot;:&quot;hosted&quot;,&quot;controls&quot;:&quot;yes&quot;}\" data-widget_type=\"video.default\">\n\t\t\t\t<div class=\"elementor-widget-container\">\n\t\t\t\t\t\t\t<div class=\"e-hosted-video elementor-wrapper elementor-open-inline\">\n\t\t\t\t\t<video class=\"elementor-video\" src=\"https:\/\/www.youthforequality.sk\/wp-content\/uploads\/2024\/09\/WhatsApp-Video-2024-09-27-at-00.33.39.mp4\" controls=\"\" preload=\"metadata\" controlsList=\"nodownload\"><\/video>\n\t\t\t\t<\/div>\n\t\t\t\t\t\t<\/div>\n\t\t\t\t<\/div>\n\t\t\t\t\t<\/div>\n\t\t<\/div>\n\t\t\t\t\t<\/div>\n\t\t<\/section>\n\t\t\t\t<section class=\"elementor-section elementor-top-section elementor-element elementor-element-2505be1 elementor-section-boxed elementor-section-height-default elementor-section-height-default\" data-id=\"2505be1\" data-element_type=\"section\" data-e-type=\"section\">\n\t\t\t\t\t\t<div class=\"elementor-container elementor-column-gap-default\">\n\t\t\t\t\t<div class=\"elementor-column elementor-col-100 elementor-top-column elementor-element elementor-element-58d8191\" data-id=\"58d8191\" data-element_type=\"column\" data-e-type=\"column\">\n\t\t\t<div class=\"elementor-widget-wrap elementor-element-populated\">\n\t\t\t\t\t\t<div class=\"elementor-element elementor-element-034fa80 elementor-widget elementor-widget-heading\" data-id=\"034fa80\" data-element_type=\"widget\" data-e-type=\"widget\" data-widget_type=\"heading.default\">\n\t\t\t\t<div class=\"elementor-widget-container\">\n\t\t\t\t\t<h2 class=\"elementor-heading-title elementor-size-default\">FINAL<\/h2>\t\t\t\t<\/div>\n\t\t\t\t<\/div>\n\t\t\t\t\t<\/div>\n\t\t<\/div>\n\t\t\t\t\t<\/div>\n\t\t<\/section>\n\t\t\t\t<section class=\"elementor-section elementor-top-section elementor-element elementor-element-55c63e0 elementor-section-boxed elementor-section-height-default elementor-section-height-default\" data-id=\"55c63e0\" data-element_type=\"section\" data-e-type=\"section\">\n\t\t\t\t\t\t<div class=\"elementor-container elementor-column-gap-default\">\n\t\t\t\t\t<div class=\"elementor-column elementor-col-100 elementor-top-column elementor-element elementor-element-e213c52\" data-id=\"e213c52\" data-element_type=\"column\" data-e-type=\"column\">\n\t\t\t<div class=\"elementor-widget-wrap elementor-element-populated\">\n\t\t\t\t\t\t<div class=\"elementor-element elementor-element-7b865d0 elementor-widget elementor-widget-heading\" data-id=\"7b865d0\" data-element_type=\"widget\" data-e-type=\"widget\" data-widget_type=\"heading.default\">\n\t\t\t\t<div class=\"elementor-widget-container\">\n\t\t\t\t\t<h2 class=\"elementor-heading-title elementor-size-default\">Podcast<\/h2>\t\t\t\t<\/div>\n\t\t\t\t<\/div>\n\t\t\t\t\t<\/div>\n\t\t<\/div>\n\t\t\t\t\t<\/div>\n\t\t<\/section>\n\t\t\t\t<section class=\"elementor-section elementor-top-section elementor-element elementor-element-6fa1940 elementor-section-boxed elementor-section-height-default elementor-section-height-default\" data-id=\"6fa1940\" data-element_type=\"section\" data-e-type=\"section\">\n\t\t\t\t\t\t<div class=\"elementor-container elementor-column-gap-default\">\n\t\t\t\t\t<div class=\"elementor-column elementor-col-100 elementor-top-column elementor-element elementor-element-f4711e7\" data-id=\"f4711e7\" data-element_type=\"column\" data-e-type=\"column\">\n\t\t\t<div class=\"elementor-widget-wrap elementor-element-populated\">\n\t\t\t\t\t\t<div class=\"elementor-element elementor-element-d58b40c elementor-widget elementor-widget-video\" data-id=\"d58b40c\" data-element_type=\"widget\" data-e-type=\"widget\" data-settings=\"{&quot;video_type&quot;:&quot;hosted&quot;,&quot;controls&quot;:&quot;yes&quot;}\" data-widget_type=\"video.default\">\n\t\t\t\t<div class=\"elementor-widget-container\">\n\t\t\t\t\t\t\t<div class=\"e-hosted-video elementor-wrapper elementor-open-inline\">\n\t\t\t\t\t<video class=\"elementor-video\" src=\"https:\/\/www.youthforequality.sk\/wp-content\/uploads\/2024\/09\/0927.mp4\" controls=\"\" preload=\"metadata\" controlsList=\"nodownload\"><\/video>\n\t\t\t\t<\/div>\n\t\t\t\t\t\t<\/div>\n\t\t\t\t<\/div>\n\t\t\t\t\t<\/div>\n\t\t<\/div>\n\t\t\t\t\t<\/div>\n\t\t<\/section>\n\t\t\t\t<section class=\"elementor-section elementor-top-section elementor-element elementor-element-377be9d elementor-section-boxed elementor-section-height-default elementor-section-height-default\" data-id=\"377be9d\" data-element_type=\"section\" data-e-type=\"section\">\n\t\t\t\t\t\t<div class=\"elementor-container elementor-column-gap-default\">\n\t\t\t\t\t<div class=\"elementor-column elementor-col-100 elementor-top-column elementor-element elementor-element-c60f77d\" data-id=\"c60f77d\" data-element_type=\"column\" data-e-type=\"column\">\n\t\t\t<div class=\"elementor-widget-wrap elementor-element-populated\">\n\t\t\t\t\t\t<div class=\"elementor-element elementor-element-9898092 elementor-widget elementor-widget-video\" data-id=\"9898092\" data-element_type=\"widget\" data-e-type=\"widget\" data-settings=\"{&quot;video_type&quot;:&quot;hosted&quot;,&quot;controls&quot;:&quot;yes&quot;}\" data-widget_type=\"video.default\">\n\t\t\t\t<div class=\"elementor-widget-container\">\n\t\t\t\t\t\t\t<div class=\"e-hosted-video elementor-wrapper elementor-open-inline\">\n\t\t\t\t\t<video class=\"elementor-video\" src=\"https:\/\/www.youthforequality.sk\/wp-content\/uploads\/2024\/09\/WhatsApp-Video-2024-09-27-at-16.15.31.mp4\" controls=\"\" preload=\"metadata\" controlsList=\"nodownload\"><\/video>\n\t\t\t\t<\/div>\n\t\t\t\t\t\t<\/div>\n\t\t\t\t<\/div>\n\t\t\t\t\t<\/div>\n\t\t<\/div>\n\t\t\t\t\t<\/div>\n\t\t<\/section>\n\t\t\t\t<\/div>\n\t\t","protected":false},"excerpt":{"rendered":"<p>\ud83c\udf0d European Mobility Week in Trnava \ud83c\uddf8\ud83c\uddf0 \u00a0 As ESC volunteers, we had the amazing opportunity to take part in European Mobility Week in Trnava \u2014 a week full of learning, collaboration, and discovery. Here&#8217;s a recap of our journey: \ud83d\udcc5 10.09 \u2013 Arrival dayOur adventure began as we arrived from across Europe \u2014 Ukraine,&hellip;&nbsp;<a href=\"https:\/\/www.youthforequality.sk\/index.php\/2024\/09\/15\/esc-mobility-week-24\/\" class=\"\" rel=\"bookmark\">\u010c\u00edta\u0165 viac &raquo;<span class=\"screen-reader-text\">ESC: Mobility Week 2024<\/span><\/a><\/p>\n","protected":false},"author":2,"featured_media":8002,"comment_status":"closed","ping_status":"open","sticky":false,"template":"","format":"standard","meta":{"_uf_show_specific_survey":0,"_uf_disable_surveys":false,"neve_meta_sidebar":"","neve_meta_container":"","neve_meta_enable_content_width":"off","neve_meta_content_width":70,"neve_meta_title_alignment":"","neve_meta_author_avatar":"","neve_post_elements_order":"","neve_meta_disable_header":"","neve_meta_disable_footer":"","neve_meta_disable_title":"","_themeisle_gutenberg_block_has_review":false,"footnotes":""},"categories":[3,46],"tags":[],"class_list":["post-7994","post","type-post","status-publish","format-standard","has-post-thumbnail","hentry","category-blog","category-timove-dobrovolnictvo"],"yoast_head":"<!-- This site is optimized with the Yoast SEO plugin v27.4 - https:\/\/yoast.com\/product\/yoast-seo-wordpress\/ -->\n<title>ESC: Mobility Week 2024 |<\/title>\n<meta name=\"robots\" content=\"index, follow, max-snippet:-1, max-image-preview:large, max-video-preview:-1\" \/>\n<link rel=\"canonical\" href=\"https:\/\/www.youthforequality.sk\/index.php\/2024\/09\/15\/esc-mobility-week-24\/\" \/>\n<meta property=\"og:locale\" content=\"sk_SK\" \/>\n<meta property=\"og:type\" content=\"article\" \/>\n<meta property=\"og:title\" content=\"ESC: Mobility Week 2024 |\" \/>\n<meta property=\"og:description\" content=\"\ud83c\udf0d European Mobility Week in Trnava \ud83c\uddf8\ud83c\uddf0 \u00a0 As ESC volunteers, we had the amazing opportunity to take part in European Mobility Week in Trnava \u2014 a week full of learning, collaboration, and discovery. Here&#8217;s a recap of our journey: \ud83d\udcc5 10.09 \u2013 Arrival dayOur adventure began as we arrived from across Europe \u2014 Ukraine,&hellip;&nbsp;\u010c\u00edta\u0165 viac &raquo;ESC: Mobility Week 2024\" \/>\n<meta property=\"og:url\" content=\"https:\/\/www.youthforequality.sk\/index.php\/2024\/09\/15\/esc-mobility-week-24\/\" \/>\n<meta property=\"article:publisher\" content=\"https:\/\/www.facebook.com\/yeslovakia\" \/>\n<meta property=\"article:published_time\" content=\"2024-09-15T09:57:09+00:00\" \/>\n<meta property=\"article:modified_time\" content=\"2025-07-23T09:11:00+00:00\" \/>\n<meta property=\"og:image\" content=\"https:\/\/www.youthforequality.sk\/wp-content\/uploads\/2024\/09\/IMG_7064-scaled.jpg\" \/>\n\t<meta property=\"og:image:width\" content=\"1440\" \/>\n\t<meta property=\"og:image:height\" content=\"2560\" \/>\n\t<meta property=\"og:image:type\" content=\"image\/jpeg\" \/>\n<meta name=\"author\" content=\"Diana Ja\u0161ekov\u00e1\" \/>\n<meta name=\"twitter:card\" content=\"summary_large_image\" \/>\n<meta name=\"twitter:label1\" content=\"Autor\" \/>\n\t<meta name=\"twitter:data1\" content=\"Diana Ja\u0161ekov\u00e1\" \/>\n\t<meta name=\"twitter:label2\" content=\"Predpokladan\u00fd \u010das \u010d\u00edtania\" \/>\n\t<meta name=\"twitter:data2\" content=\"16 min\u00fat\" \/>\n<script type=\"application\/ld+json\" class=\"yoast-schema-graph\">{\"@context\":\"https:\\\/\\\/schema.org\",\"@graph\":[{\"@type\":\"Article\",\"@id\":\"https:\\\/\\\/www.youthforequality.sk\\\/index.php\\\/2024\\\/09\\\/15\\\/esc-mobility-week-24\\\/#article\",\"isPartOf\":{\"@id\":\"https:\\\/\\\/www.youthforequality.sk\\\/index.php\\\/2024\\\/09\\\/15\\\/esc-mobility-week-24\\\/\"},\"author\":{\"name\":\"Diana Ja\u0161ekov\u00e1\",\"@id\":\"https:\\\/\\\/www.youthforequality.sk\\\/#\\\/schema\\\/person\\\/be8fe75a4ed9c28400bc99a029218b24\"},\"headline\":\"ESC: Mobility Week 2024\",\"datePublished\":\"2024-09-15T09:57:09+00:00\",\"dateModified\":\"2025-07-23T09:11:00+00:00\",\"mainEntityOfPage\":{\"@id\":\"https:\\\/\\\/www.youthforequality.sk\\\/index.php\\\/2024\\\/09\\\/15\\\/esc-mobility-week-24\\\/\"},\"wordCount\":1744,\"publisher\":{\"@id\":\"https:\\\/\\\/www.youthforequality.sk\\\/#organization\"},\"image\":{\"@id\":\"https:\\\/\\\/www.youthforequality.sk\\\/index.php\\\/2024\\\/09\\\/15\\\/esc-mobility-week-24\\\/#primaryimage\"},\"thumbnailUrl\":\"https:\\\/\\\/www.youthforequality.sk\\\/wp-content\\\/uploads\\\/2024\\\/09\\\/IMG_7064-scaled.jpg\",\"articleSection\":[\"Blog\",\"T\u00edmov\u00e9 dobrovo\u013en\u00edctvo\"],\"inLanguage\":\"sk-SK\"},{\"@type\":\"WebPage\",\"@id\":\"https:\\\/\\\/www.youthforequality.sk\\\/index.php\\\/2024\\\/09\\\/15\\\/esc-mobility-week-24\\\/\",\"url\":\"https:\\\/\\\/www.youthforequality.sk\\\/index.php\\\/2024\\\/09\\\/15\\\/esc-mobility-week-24\\\/\",\"name\":\"ESC: Mobility Week 2024 |\",\"isPartOf\":{\"@id\":\"https:\\\/\\\/www.youthforequality.sk\\\/#website\"},\"primaryImageOfPage\":{\"@id\":\"https:\\\/\\\/www.youthforequality.sk\\\/index.php\\\/2024\\\/09\\\/15\\\/esc-mobility-week-24\\\/#primaryimage\"},\"image\":{\"@id\":\"https:\\\/\\\/www.youthforequality.sk\\\/index.php\\\/2024\\\/09\\\/15\\\/esc-mobility-week-24\\\/#primaryimage\"},\"thumbnailUrl\":\"https:\\\/\\\/www.youthforequality.sk\\\/wp-content\\\/uploads\\\/2024\\\/09\\\/IMG_7064-scaled.jpg\",\"datePublished\":\"2024-09-15T09:57:09+00:00\",\"dateModified\":\"2025-07-23T09:11:00+00:00\",\"breadcrumb\":{\"@id\":\"https:\\\/\\\/www.youthforequality.sk\\\/index.php\\\/2024\\\/09\\\/15\\\/esc-mobility-week-24\\\/#breadcrumb\"},\"inLanguage\":\"sk-SK\",\"potentialAction\":[{\"@type\":\"ReadAction\",\"target\":[\"https:\\\/\\\/www.youthforequality.sk\\\/index.php\\\/2024\\\/09\\\/15\\\/esc-mobility-week-24\\\/\"]}]},{\"@type\":\"ImageObject\",\"inLanguage\":\"sk-SK\",\"@id\":\"https:\\\/\\\/www.youthforequality.sk\\\/index.php\\\/2024\\\/09\\\/15\\\/esc-mobility-week-24\\\/#primaryimage\",\"url\":\"https:\\\/\\\/www.youthforequality.sk\\\/wp-content\\\/uploads\\\/2024\\\/09\\\/IMG_7064-scaled.jpg\",\"contentUrl\":\"https:\\\/\\\/www.youthforequality.sk\\\/wp-content\\\/uploads\\\/2024\\\/09\\\/IMG_7064-scaled.jpg\",\"width\":1440,\"height\":2560},{\"@type\":\"BreadcrumbList\",\"@id\":\"https:\\\/\\\/www.youthforequality.sk\\\/index.php\\\/2024\\\/09\\\/15\\\/esc-mobility-week-24\\\/#breadcrumb\",\"itemListElement\":[{\"@type\":\"ListItem\",\"position\":1,\"name\":\"Home\",\"item\":\"https:\\\/\\\/www.youthforequality.sk\\\/\"},{\"@type\":\"ListItem\",\"position\":2,\"name\":\"ESC: Mobility Week 2024\"}]},{\"@type\":\"WebSite\",\"@id\":\"https:\\\/\\\/www.youthforequality.sk\\\/#website\",\"url\":\"https:\\\/\\\/www.youthforequality.sk\\\/\",\"name\":\"\",\"description\":\"\",\"publisher\":{\"@id\":\"https:\\\/\\\/www.youthforequality.sk\\\/#organization\"},\"potentialAction\":[{\"@type\":\"SearchAction\",\"target\":{\"@type\":\"EntryPoint\",\"urlTemplate\":\"https:\\\/\\\/www.youthforequality.sk\\\/?s={search_term_string}\"},\"query-input\":{\"@type\":\"PropertyValueSpecification\",\"valueRequired\":true,\"valueName\":\"search_term_string\"}}],\"inLanguage\":\"sk-SK\"},{\"@type\":\"Organization\",\"@id\":\"https:\\\/\\\/www.youthforequality.sk\\\/#organization\",\"name\":\"Youth for Equality\",\"url\":\"https:\\\/\\\/www.youthforequality.sk\\\/\",\"logo\":{\"@type\":\"ImageObject\",\"inLanguage\":\"sk-SK\",\"@id\":\"https:\\\/\\\/www.youthforequality.sk\\\/#\\\/schema\\\/logo\\\/image\\\/\",\"url\":\"https:\\\/\\\/www.youthforequality.sk\\\/wp-content\\\/uploads\\\/2021\\\/01\\\/vynovene-logo-nove-farby_modra-na-web.png\",\"contentUrl\":\"https:\\\/\\\/www.youthforequality.sk\\\/wp-content\\\/uploads\\\/2021\\\/01\\\/vynovene-logo-nove-farby_modra-na-web.png\",\"width\":1,\"height\":1,\"caption\":\"Youth for Equality\"},\"image\":{\"@id\":\"https:\\\/\\\/www.youthforequality.sk\\\/#\\\/schema\\\/logo\\\/image\\\/\"},\"sameAs\":[\"https:\\\/\\\/www.facebook.com\\\/yeslovakia\"]},{\"@type\":\"Person\",\"@id\":\"https:\\\/\\\/www.youthforequality.sk\\\/#\\\/schema\\\/person\\\/be8fe75a4ed9c28400bc99a029218b24\",\"name\":\"Diana Ja\u0161ekov\u00e1\",\"image\":{\"@type\":\"ImageObject\",\"inLanguage\":\"sk-SK\",\"@id\":\"https:\\\/\\\/secure.gravatar.com\\\/avatar\\\/8c7454049523c9673804cf321f89b38fd4fcd5aa5ad8961f32caaf292dfd996f?s=96&d=mm&r=g\",\"url\":\"https:\\\/\\\/secure.gravatar.com\\\/avatar\\\/8c7454049523c9673804cf321f89b38fd4fcd5aa5ad8961f32caaf292dfd996f?s=96&d=mm&r=g\",\"contentUrl\":\"https:\\\/\\\/secure.gravatar.com\\\/avatar\\\/8c7454049523c9673804cf321f89b38fd4fcd5aa5ad8961f32caaf292dfd996f?s=96&d=mm&r=g\",\"caption\":\"Diana Ja\u0161ekov\u00e1\"},\"url\":\"https:\\\/\\\/www.youthforequality.sk\\\/index.php\\\/author\\\/diajas\\\/\"}]}<\/script>\n<!-- \/ Yoast SEO plugin. -->","yoast_head_json":{"title":"ESC: Mobility Week 2024 |","robots":{"index":"index","follow":"follow","max-snippet":"max-snippet:-1","max-image-preview":"max-image-preview:large","max-video-preview":"max-video-preview:-1"},"canonical":"https:\/\/www.youthforequality.sk\/index.php\/2024\/09\/15\/esc-mobility-week-24\/","og_locale":"sk_SK","og_type":"article","og_title":"ESC: Mobility Week 2024 |","og_description":"\ud83c\udf0d European Mobility Week in Trnava \ud83c\uddf8\ud83c\uddf0 \u00a0 As ESC volunteers, we had the amazing opportunity to take part in European Mobility Week in Trnava \u2014 a week full of learning, collaboration, and discovery. Here&#8217;s a recap of our journey: \ud83d\udcc5 10.09 \u2013 Arrival dayOur adventure began as we arrived from across Europe \u2014 Ukraine,&hellip;&nbsp;\u010c\u00edta\u0165 viac &raquo;ESC: Mobility Week 2024","og_url":"https:\/\/www.youthforequality.sk\/index.php\/2024\/09\/15\/esc-mobility-week-24\/","article_publisher":"https:\/\/www.facebook.com\/yeslovakia","article_published_time":"2024-09-15T09:57:09+00:00","article_modified_time":"2025-07-23T09:11:00+00:00","og_image":[{"width":1440,"height":2560,"url":"https:\/\/www.youthforequality.sk\/wp-content\/uploads\/2024\/09\/IMG_7064-scaled.jpg","type":"image\/jpeg"}],"author":"Diana Ja\u0161ekov\u00e1","twitter_card":"summary_large_image","twitter_misc":{"Autor":"Diana Ja\u0161ekov\u00e1","Predpokladan\u00fd \u010das \u010d\u00edtania":"16 min\u00fat"},"schema":{"@context":"https:\/\/schema.org","@graph":[{"@type":"Article","@id":"https:\/\/www.youthforequality.sk\/index.php\/2024\/09\/15\/esc-mobility-week-24\/#article","isPartOf":{"@id":"https:\/\/www.youthforequality.sk\/index.php\/2024\/09\/15\/esc-mobility-week-24\/"},"author":{"name":"Diana Ja\u0161ekov\u00e1","@id":"https:\/\/www.youthforequality.sk\/#\/schema\/person\/be8fe75a4ed9c28400bc99a029218b24"},"headline":"ESC: Mobility Week 2024","datePublished":"2024-09-15T09:57:09+00:00","dateModified":"2025-07-23T09:11:00+00:00","mainEntityOfPage":{"@id":"https:\/\/www.youthforequality.sk\/index.php\/2024\/09\/15\/esc-mobility-week-24\/"},"wordCount":1744,"publisher":{"@id":"https:\/\/www.youthforequality.sk\/#organization"},"image":{"@id":"https:\/\/www.youthforequality.sk\/index.php\/2024\/09\/15\/esc-mobility-week-24\/#primaryimage"},"thumbnailUrl":"https:\/\/www.youthforequality.sk\/wp-content\/uploads\/2024\/09\/IMG_7064-scaled.jpg","articleSection":["Blog","T\u00edmov\u00e9 dobrovo\u013en\u00edctvo"],"inLanguage":"sk-SK"},{"@type":"WebPage","@id":"https:\/\/www.youthforequality.sk\/index.php\/2024\/09\/15\/esc-mobility-week-24\/","url":"https:\/\/www.youthforequality.sk\/index.php\/2024\/09\/15\/esc-mobility-week-24\/","name":"ESC: Mobility Week 2024 |","isPartOf":{"@id":"https:\/\/www.youthforequality.sk\/#website"},"primaryImageOfPage":{"@id":"https:\/\/www.youthforequality.sk\/index.php\/2024\/09\/15\/esc-mobility-week-24\/#primaryimage"},"image":{"@id":"https:\/\/www.youthforequality.sk\/index.php\/2024\/09\/15\/esc-mobility-week-24\/#primaryimage"},"thumbnailUrl":"https:\/\/www.youthforequality.sk\/wp-content\/uploads\/2024\/09\/IMG_7064-scaled.jpg","datePublished":"2024-09-15T09:57:09+00:00","dateModified":"2025-07-23T09:11:00+00:00","breadcrumb":{"@id":"https:\/\/www.youthforequality.sk\/index.php\/2024\/09\/15\/esc-mobility-week-24\/#breadcrumb"},"inLanguage":"sk-SK","potentialAction":[{"@type":"ReadAction","target":["https:\/\/www.youthforequality.sk\/index.php\/2024\/09\/15\/esc-mobility-week-24\/"]}]},{"@type":"ImageObject","inLanguage":"sk-SK","@id":"https:\/\/www.youthforequality.sk\/index.php\/2024\/09\/15\/esc-mobility-week-24\/#primaryimage","url":"https:\/\/www.youthforequality.sk\/wp-content\/uploads\/2024\/09\/IMG_7064-scaled.jpg","contentUrl":"https:\/\/www.youthforequality.sk\/wp-content\/uploads\/2024\/09\/IMG_7064-scaled.jpg","width":1440,"height":2560},{"@type":"BreadcrumbList","@id":"https:\/\/www.youthforequality.sk\/index.php\/2024\/09\/15\/esc-mobility-week-24\/#breadcrumb","itemListElement":[{"@type":"ListItem","position":1,"name":"Home","item":"https:\/\/www.youthforequality.sk\/"},{"@type":"ListItem","position":2,"name":"ESC: Mobility Week 2024"}]},{"@type":"WebSite","@id":"https:\/\/www.youthforequality.sk\/#website","url":"https:\/\/www.youthforequality.sk\/","name":"","description":"","publisher":{"@id":"https:\/\/www.youthforequality.sk\/#organization"},"potentialAction":[{"@type":"SearchAction","target":{"@type":"EntryPoint","urlTemplate":"https:\/\/www.youthforequality.sk\/?s={search_term_string}"},"query-input":{"@type":"PropertyValueSpecification","valueRequired":true,"valueName":"search_term_string"}}],"inLanguage":"sk-SK"},{"@type":"Organization","@id":"https:\/\/www.youthforequality.sk\/#organization","name":"Youth for Equality","url":"https:\/\/www.youthforequality.sk\/","logo":{"@type":"ImageObject","inLanguage":"sk-SK","@id":"https:\/\/www.youthforequality.sk\/#\/schema\/logo\/image\/","url":"https:\/\/www.youthforequality.sk\/wp-content\/uploads\/2021\/01\/vynovene-logo-nove-farby_modra-na-web.png","contentUrl":"https:\/\/www.youthforequality.sk\/wp-content\/uploads\/2021\/01\/vynovene-logo-nove-farby_modra-na-web.png","width":1,"height":1,"caption":"Youth for Equality"},"image":{"@id":"https:\/\/www.youthforequality.sk\/#\/schema\/logo\/image\/"},"sameAs":["https:\/\/www.facebook.com\/yeslovakia"]},{"@type":"Person","@id":"https:\/\/www.youthforequality.sk\/#\/schema\/person\/be8fe75a4ed9c28400bc99a029218b24","name":"Diana Ja\u0161ekov\u00e1","image":{"@type":"ImageObject","inLanguage":"sk-SK","@id":"https:\/\/secure.gravatar.com\/avatar\/8c7454049523c9673804cf321f89b38fd4fcd5aa5ad8961f32caaf292dfd996f?s=96&d=mm&r=g","url":"https:\/\/secure.gravatar.com\/avatar\/8c7454049523c9673804cf321f89b38fd4fcd5aa5ad8961f32caaf292dfd996f?s=96&d=mm&r=g","contentUrl":"https:\/\/secure.gravatar.com\/avatar\/8c7454049523c9673804cf321f89b38fd4fcd5aa5ad8961f32caaf292dfd996f?s=96&d=mm&r=g","caption":"Diana Ja\u0161ekov\u00e1"},"url":"https:\/\/www.youthforequality.sk\/index.php\/author\/diajas\/"}]}},"_links":{"self":[{"href":"https:\/\/www.youthforequality.sk\/index.php\/wp-json\/wp\/v2\/posts\/7994","targetHints":{"allow":["GET"]}}],"collection":[{"href":"https:\/\/www.youthforequality.sk\/index.php\/wp-json\/wp\/v2\/posts"}],"about":[{"href":"https:\/\/www.youthforequality.sk\/index.php\/wp-json\/wp\/v2\/types\/post"}],"author":[{"embeddable":true,"href":"https:\/\/www.youthforequality.sk\/index.php\/wp-json\/wp\/v2\/users\/2"}],"replies":[{"embeddable":true,"href":"https:\/\/www.youthforequality.sk\/index.php\/wp-json\/wp\/v2\/comments?post=7994"}],"version-history":[{"count":22,"href":"https:\/\/www.youthforequality.sk\/index.php\/wp-json\/wp\/v2\/posts\/7994\/revisions"}],"predecessor-version":[{"id":9458,"href":"https:\/\/www.youthforequality.sk\/index.php\/wp-json\/wp\/v2\/posts\/7994\/revisions\/9458"}],"wp:featuredmedia":[{"embeddable":true,"href":"https:\/\/www.youthforequality.sk\/index.php\/wp-json\/wp\/v2\/media\/8002"}],"wp:attachment":[{"href":"https:\/\/www.youthforequality.sk\/index.php\/wp-json\/wp\/v2\/media?parent=7994"}],"wp:term":[{"taxonomy":"category","embeddable":true,"href":"https:\/\/www.youthforequality.sk\/index.php\/wp-json\/wp\/v2\/categories?post=7994"},{"taxonomy":"post_tag","embeddable":true,"href":"https:\/\/www.youthforequality.sk\/index.php\/wp-json\/wp\/v2\/tags?post=7994"}],"curies":[{"name":"wp","href":"https:\/\/api.w.org\/{rel}","templated":true}]}}