{"id":8122,"date":"2024-11-04T14:23:44","date_gmt":"2024-11-04T13:23:44","guid":{"rendered":"https:\/\/www.youthforequality.sk\/index.php\/2024\/11\/04\/mladeznicka-vymena-rurality-in-expansion-copy\/"},"modified":"2024-11-05T09:17:18","modified_gmt":"2024-11-05T08:17:18","slug":"halloweenovy-erasmus-v-dubline","status":"publish","type":"post","link":"https:\/\/www.youthforequality.sk\/index.php\/2024\/11\/04\/halloweenovy-erasmus-v-dubline\/","title":{"rendered":"Halloweenov\u00fd Erasmus v Dubline"},"content":{"rendered":"\t\t<div data-elementor-type=\"wp-post\" data-elementor-id=\"8122\" class=\"elementor elementor-8122\">\n\t\t\t\t\t\t<section class=\"elementor-section elementor-top-section elementor-element elementor-element-653c0938 elementor-section-boxed elementor-section-height-default elementor-section-height-default\" data-id=\"653c0938\" data-element_type=\"section\" data-e-type=\"section\">\n\t\t\t\t\t\t<div class=\"elementor-container elementor-column-gap-default\">\n\t\t\t\t\t<div class=\"elementor-column elementor-col-100 elementor-top-column elementor-element elementor-element-5ef9e613\" data-id=\"5ef9e613\" data-element_type=\"column\" data-e-type=\"column\">\n\t\t\t<div class=\"elementor-widget-wrap elementor-element-populated\">\n\t\t\t\t\t\t<div class=\"elementor-element elementor-element-463869f7 elementor-widget elementor-widget-text-editor\" data-id=\"463869f7\" data-element_type=\"widget\" data-e-type=\"widget\" data-widget_type=\"text-editor.default\">\n\t\t\t\t<div class=\"elementor-widget-container\">\n\t\t\t\t\t\t\t\t\t<p><span style=\"background-color: var(--nv-site-bg); color: var(--nv-text-color); font-family: var(--bodyfontfamily),var(--nv-fallback-ff); font-size: var(--bodyfontsize); font-weight: var(--bodyfontweight); letter-spacing: var(--bodyletterspacing); text-transform: var(--bodytexttransform);\">Ned\u00e1vno sme za\u017eili \u00fa\u017easn\u00fd Erasmus pobyt v Dubline. Tento v\u00fdlet bol jedn\u00fdm slovom nezabudnute\u013en\u00fd. Cel\u00fd pobyt mal n\u00e1dhern\u00fa atmosf\u00e9ru a oslavovali sme Halloween vo ve\u013ekom \u0161t\u00fdle.<\/span><\/p><p><span style=\"background-color: var(--nv-site-bg); color: var(--nv-text-color); font-family: var(--bodyfontfamily),var(--nv-fallback-ff); font-size: var(--bodyfontsize); font-weight: var(--bodyfontweight); letter-spacing: var(--bodyletterspacing); text-transform: var(--bodytexttransform);\">\u00a0<\/span><\/p><p>Najv\u00e4\u010d\u0161\u00edm z\u00e1\u017eitkom bolo na\u0161e tane\u010dn\u00e9 vyst\u00fapenie v parku pre deti. Tr\u00e9novali sme a nacvi\u010dovali choreografiu, aby sme ich \u010do najlep\u0161ie pobavili, a popritom sme organizovali r\u00f4zne atrakcie a z\u00e1bavn\u00e9 hry. Deti sa te\u0161ili, smiali sa a my sme si u\u017e\u00edvali ich rados\u0165. Vytv\u00e1rali sme si vlastn\u00e9 masky a kost\u00fdmy na Halloween, \u010do n\u00e1m umo\u017enilo prejavi\u0165 trochu kreativity. Okrem toho sme mali mo\u017enos\u0165 u\u010di\u0165 sa o herectve a zlep\u0161ova\u0165 sa v tom, ako vystupova\u0165 pred publikom.<\/p><p>\u00a0<\/p><p>Boli sme jedin\u00ed dvaja Slov\u00e1ci, \u010do n\u00e1s najprv trochu desilo, ale nakoniec sme mali s ka\u017ed\u00fdm v\u00fdborn\u00fd vz\u0165ah a c\u00edtili sme sa ako s\u00fa\u010das\u0165 skvelej medzin\u00e1rodnej skupiny. Spoznali sme nov\u00fdch \u013eud\u00ed, ich zvyky a tie\u017e sme sa ve\u013ea dozvedeli o \u00edrskom \u017eivote a kult\u00fare.<\/p><p>\u00a0<\/p><p>E\u0161te raz ve\u013ek\u00e1 v\u010faka Youth for Equality za t\u00fato pr\u00edle\u017eitos\u0165. Z\u00e1\u017eitky z Dublinu n\u00e1m ostan\u00fa nav\u017edy a u\u017e teraz vieme, \u017ee by sme sa tam ur\u010dite chceli e\u0161te niekedy vr\u00e1ti\u0165.<\/p><p>\u00a0<\/p><p>Klaudia Sipkov\u00e1<\/p>\t\t\t\t\t\t\t\t<\/div>\n\t\t\t\t<\/div>\n\t\t\t\t\t<\/div>\n\t\t<\/div>\n\t\t\t\t\t<\/div>\n\t\t<\/section>\n\t\t\t\t<section class=\"elementor-section elementor-top-section elementor-element elementor-element-80c7c77 elementor-section-boxed elementor-section-height-default elementor-section-height-default\" data-id=\"80c7c77\" data-element_type=\"section\" data-e-type=\"section\">\n\t\t\t\t\t\t<div class=\"elementor-container elementor-column-gap-default\">\n\t\t\t\t\t<div class=\"elementor-column elementor-col-100 elementor-top-column elementor-element elementor-element-42c76bb\" data-id=\"42c76bb\" data-element_type=\"column\" data-e-type=\"column\">\n\t\t\t<div class=\"elementor-widget-wrap elementor-element-populated\">\n\t\t\t\t\t\t<div class=\"elementor-element elementor-element-dd60862 elementor-widget elementor-widget-image-gallery\" data-id=\"dd60862\" data-element_type=\"widget\" data-e-type=\"widget\" data-widget_type=\"image-gallery.default\">\n\t\t\t\t<div class=\"elementor-widget-container\">\n\t\t\t\t\t\t\t<div class=\"elementor-image-gallery\">\n\t\t\t<div id='gallery-1' class='gallery galleryid-8122 gallery-columns-4 gallery-size-thumbnail'><figure class='gallery-item'>\n\t\t\t<div class='gallery-icon portrait'>\n\t\t\t\t<a data-elementor-open-lightbox=\"yes\" data-elementor-lightbox-slideshow=\"dd60862\" data-elementor-lightbox-title=\"WhatsApp Image 2024-11-04 at 12.30.27 (1)\" data-e-action-hash=\"#elementor-action%3Aaction%3Dlightbox%26settings%3DeyJpZCI6ODEyNywidXJsIjoiaHR0cHM6XC9cL3d3dy55b3V0aGZvcmVxdWFsaXR5LnNrXC93cC1jb250ZW50XC91cGxvYWRzXC8yMDI0XC8xMVwvV2hhdHNBcHAtSW1hZ2UtMjAyNC0xMS0wNC1hdC0xMi4zMC4yNy0xLmpwZWciLCJzbGlkZXNob3ciOiJkZDYwODYyIn0%3D\" href='https:\/\/www.youthforequality.sk\/wp-content\/uploads\/2024\/11\/WhatsApp-Image-2024-11-04-at-12.30.27-1.jpeg'><img decoding=\"async\" width=\"150\" height=\"150\" src=\"https:\/\/www.youthforequality.sk\/wp-content\/uploads\/2024\/11\/WhatsApp-Image-2024-11-04-at-12.30.27-1-150x150.jpeg\" class=\"attachment-thumbnail size-thumbnail\" alt=\"\" \/><\/a>\n\t\t\t<\/div><\/figure><figure class='gallery-item'>\n\t\t\t<div class='gallery-icon portrait'>\n\t\t\t\t<a data-elementor-open-lightbox=\"yes\" data-elementor-lightbox-slideshow=\"dd60862\" data-elementor-lightbox-title=\"WhatsApp Image 2024-11-04 at 12.30.27 (2)\" data-e-action-hash=\"#elementor-action%3Aaction%3Dlightbox%26settings%3DeyJpZCI6ODEyNiwidXJsIjoiaHR0cHM6XC9cL3d3dy55b3V0aGZvcmVxdWFsaXR5LnNrXC93cC1jb250ZW50XC91cGxvYWRzXC8yMDI0XC8xMVwvV2hhdHNBcHAtSW1hZ2UtMjAyNC0xMS0wNC1hdC0xMi4zMC4yNy0yLmpwZWciLCJzbGlkZXNob3ciOiJkZDYwODYyIn0%3D\" href='https:\/\/www.youthforequality.sk\/wp-content\/uploads\/2024\/11\/WhatsApp-Image-2024-11-04-at-12.30.27-2.jpeg'><img decoding=\"async\" width=\"150\" height=\"150\" src=\"https:\/\/www.youthforequality.sk\/wp-content\/uploads\/2024\/11\/WhatsApp-Image-2024-11-04-at-12.30.27-2-150x150.jpeg\" class=\"attachment-thumbnail size-thumbnail\" alt=\"\" \/><\/a>\n\t\t\t<\/div><\/figure><figure class='gallery-item'>\n\t\t\t<div class='gallery-icon portrait'>\n\t\t\t\t<a data-elementor-open-lightbox=\"yes\" data-elementor-lightbox-slideshow=\"dd60862\" data-elementor-lightbox-title=\"WhatsApp Image 2024-11-04 at 12.30.27 (3)\" data-e-action-hash=\"#elementor-action%3Aaction%3Dlightbox%26settings%3DeyJpZCI6ODEyNSwidXJsIjoiaHR0cHM6XC9cL3d3dy55b3V0aGZvcmVxdWFsaXR5LnNrXC93cC1jb250ZW50XC91cGxvYWRzXC8yMDI0XC8xMVwvV2hhdHNBcHAtSW1hZ2UtMjAyNC0xMS0wNC1hdC0xMi4zMC4yNy0zLmpwZWciLCJzbGlkZXNob3ciOiJkZDYwODYyIn0%3D\" href='https:\/\/www.youthforequality.sk\/wp-content\/uploads\/2024\/11\/WhatsApp-Image-2024-11-04-at-12.30.27-3.jpeg'><img decoding=\"async\" width=\"150\" height=\"150\" src=\"https:\/\/www.youthforequality.sk\/wp-content\/uploads\/2024\/11\/WhatsApp-Image-2024-11-04-at-12.30.27-3-150x150.jpeg\" class=\"attachment-thumbnail size-thumbnail\" alt=\"\" \/><\/a>\n\t\t\t<\/div><\/figure><figure class='gallery-item'>\n\t\t\t<div class='gallery-icon portrait'>\n\t\t\t\t<a data-elementor-open-lightbox=\"yes\" data-elementor-lightbox-slideshow=\"dd60862\" data-elementor-lightbox-title=\"WhatsApp Image 2024-11-04 at 12.30.28\" data-e-action-hash=\"#elementor-action%3Aaction%3Dlightbox%26settings%3DeyJpZCI6ODEyNCwidXJsIjoiaHR0cHM6XC9cL3d3dy55b3V0aGZvcmVxdWFsaXR5LnNrXC93cC1jb250ZW50XC91cGxvYWRzXC8yMDI0XC8xMVwvV2hhdHNBcHAtSW1hZ2UtMjAyNC0xMS0wNC1hdC0xMi4zMC4yOC5qcGVnIiwic2xpZGVzaG93IjoiZGQ2MDg2MiJ9\" href='https:\/\/www.youthforequality.sk\/wp-content\/uploads\/2024\/11\/WhatsApp-Image-2024-11-04-at-12.30.28.jpeg'><img loading=\"lazy\" decoding=\"async\" width=\"150\" height=\"150\" src=\"https:\/\/www.youthforequality.sk\/wp-content\/uploads\/2024\/11\/WhatsApp-Image-2024-11-04-at-12.30.28-150x150.jpeg\" class=\"attachment-thumbnail size-thumbnail\" alt=\"\" \/><\/a>\n\t\t\t<\/div><\/figure>\n\t\t<\/div>\n\t\t<\/div>\n\t\t\t\t\t\t<\/div>\n\t\t\t\t<\/div>\n\t\t\t\t\t<\/div>\n\t\t<\/div>\n\t\t\t\t\t<\/div>\n\t\t<\/section>\n\t\t\t\t<\/div>\n\t\t","protected":false},"excerpt":{"rendered":"<p>Ned\u00e1vno sme za\u017eili \u00fa\u017easn\u00fd Erasmus pobyt v Dubline. Tento v\u00fdlet bol jedn\u00fdm slovom nezabudnute\u013en\u00fd. Cel\u00fd pobyt mal n\u00e1dhern\u00fa atmosf\u00e9ru a oslavovali sme Halloween vo ve\u013ekom \u0161t\u00fdle. Najv\u00e4\u010d\u0161\u00edm z\u00e1\u017eitkom bolo na\u0161e tane\u010dn\u00e9 vyst\u00fapenie v parku pre deti. Tr\u00e9novali sme a nacvi\u010dovali choreografiu, aby sme ich \u010do najlep\u0161ie pobavili, a popritom sme organizovali r\u00f4zne atrakcie a z\u00e1bavn\u00e9&hellip;&nbsp;<a href=\"https:\/\/www.youthforequality.sk\/index.php\/2024\/11\/04\/halloweenovy-erasmus-v-dubline\/\" class=\"\" rel=\"bookmark\">\u010c\u00edta\u0165 viac &raquo;<span class=\"screen-reader-text\">Halloweenov\u00fd Erasmus v Dubline<\/span><\/a><\/p>\n","protected":false},"author":8,"featured_media":8128,"comment_status":"closed","ping_status":"open","sticky":false,"template":"","format":"standard","meta":{"_uf_show_specific_survey":0,"_uf_disable_surveys":false,"neve_meta_sidebar":"","neve_meta_container":"","neve_meta_enable_content_width":"off","neve_meta_content_width":70,"neve_meta_title_alignment":"","neve_meta_author_avatar":"","neve_post_elements_order":"","neve_meta_disable_header":"","neve_meta_disable_footer":"","neve_meta_disable_title":"","_themeisle_gutenberg_block_has_review":false,"footnotes":""},"categories":[3],"tags":[],"class_list":["post-8122","post","type-post","status-publish","format-standard","has-post-thumbnail","hentry","category-blog"],"yoast_head":"<!-- This site is optimized with the Yoast SEO plugin v27.4 - https:\/\/yoast.com\/product\/yoast-seo-wordpress\/ -->\n<title>Halloweenov\u00fd Erasmus v Dubline |<\/title>\n<meta name=\"robots\" content=\"index, follow, max-snippet:-1, max-image-preview:large, max-video-preview:-1\" \/>\n<link rel=\"canonical\" href=\"https:\/\/www.youthforequality.sk\/index.php\/2024\/11\/04\/halloweenovy-erasmus-v-dubline\/\" \/>\n<meta property=\"og:locale\" content=\"sk_SK\" \/>\n<meta property=\"og:type\" content=\"article\" \/>\n<meta property=\"og:title\" content=\"Halloweenov\u00fd Erasmus v Dubline |\" \/>\n<meta property=\"og:description\" content=\"Ned\u00e1vno sme za\u017eili \u00fa\u017easn\u00fd Erasmus pobyt v Dubline. Tento v\u00fdlet bol jedn\u00fdm slovom nezabudnute\u013en\u00fd. Cel\u00fd pobyt mal n\u00e1dhern\u00fa atmosf\u00e9ru a oslavovali sme Halloween vo ve\u013ekom \u0161t\u00fdle. Najv\u00e4\u010d\u0161\u00edm z\u00e1\u017eitkom bolo na\u0161e tane\u010dn\u00e9 vyst\u00fapenie v parku pre deti. Tr\u00e9novali sme a nacvi\u010dovali choreografiu, aby sme ich \u010do najlep\u0161ie pobavili, a popritom sme organizovali r\u00f4zne atrakcie a z\u00e1bavn\u00e9&hellip;&nbsp;\u010c\u00edta\u0165 viac &raquo;Halloweenov\u00fd Erasmus v Dubline\" \/>\n<meta property=\"og:url\" content=\"https:\/\/www.youthforequality.sk\/index.php\/2024\/11\/04\/halloweenovy-erasmus-v-dubline\/\" \/>\n<meta property=\"article:publisher\" content=\"https:\/\/www.facebook.com\/yeslovakia\" \/>\n<meta property=\"article:published_time\" content=\"2024-11-04T13:23:44+00:00\" \/>\n<meta property=\"article:modified_time\" content=\"2024-11-05T08:17:18+00:00\" \/>\n<meta property=\"og:image\" content=\"https:\/\/www.youthforequality.sk\/wp-content\/uploads\/2024\/11\/WhatsApp-Image-2024-11-04-at-12.30.27.jpeg\" \/>\n\t<meta property=\"og:image:width\" content=\"586\" \/>\n\t<meta property=\"og:image:height\" content=\"780\" \/>\n\t<meta property=\"og:image:type\" content=\"image\/jpeg\" \/>\n<meta name=\"author\" content=\"Yoana\" \/>\n<meta name=\"twitter:card\" content=\"summary_large_image\" \/>\n<meta name=\"twitter:label1\" content=\"Autor\" \/>\n\t<meta name=\"twitter:data1\" content=\"Yoana\" \/>\n\t<meta name=\"twitter:label2\" content=\"Predpokladan\u00fd \u010das \u010d\u00edtania\" \/>\n\t<meta name=\"twitter:data2\" content=\"2 min\u00faty\" \/>\n<script type=\"application\/ld+json\" class=\"yoast-schema-graph\">{\"@context\":\"https:\\\/\\\/schema.org\",\"@graph\":[{\"@type\":\"Article\",\"@id\":\"https:\\\/\\\/www.youthforequality.sk\\\/index.php\\\/2024\\\/11\\\/04\\\/halloweenovy-erasmus-v-dubline\\\/#article\",\"isPartOf\":{\"@id\":\"https:\\\/\\\/www.youthforequality.sk\\\/index.php\\\/2024\\\/11\\\/04\\\/halloweenovy-erasmus-v-dubline\\\/\"},\"author\":{\"name\":\"Yoana\",\"@id\":\"https:\\\/\\\/www.youthforequality.sk\\\/#\\\/schema\\\/person\\\/f68f7ffe79f5a2bba235fb60e0283347\"},\"headline\":\"Halloweenov\u00fd Erasmus v Dubline\",\"datePublished\":\"2024-11-04T13:23:44+00:00\",\"dateModified\":\"2024-11-05T08:17:18+00:00\",\"mainEntityOfPage\":{\"@id\":\"https:\\\/\\\/www.youthforequality.sk\\\/index.php\\\/2024\\\/11\\\/04\\\/halloweenovy-erasmus-v-dubline\\\/\"},\"wordCount\":233,\"publisher\":{\"@id\":\"https:\\\/\\\/www.youthforequality.sk\\\/#organization\"},\"image\":{\"@id\":\"https:\\\/\\\/www.youthforequality.sk\\\/index.php\\\/2024\\\/11\\\/04\\\/halloweenovy-erasmus-v-dubline\\\/#primaryimage\"},\"thumbnailUrl\":\"https:\\\/\\\/www.youthforequality.sk\\\/wp-content\\\/uploads\\\/2024\\\/11\\\/WhatsApp-Image-2024-11-04-at-12.30.27.jpeg\",\"articleSection\":[\"Blog\"],\"inLanguage\":\"sk-SK\"},{\"@type\":\"WebPage\",\"@id\":\"https:\\\/\\\/www.youthforequality.sk\\\/index.php\\\/2024\\\/11\\\/04\\\/halloweenovy-erasmus-v-dubline\\\/\",\"url\":\"https:\\\/\\\/www.youthforequality.sk\\\/index.php\\\/2024\\\/11\\\/04\\\/halloweenovy-erasmus-v-dubline\\\/\",\"name\":\"Halloweenov\u00fd Erasmus v Dubline |\",\"isPartOf\":{\"@id\":\"https:\\\/\\\/www.youthforequality.sk\\\/#website\"},\"primaryImageOfPage\":{\"@id\":\"https:\\\/\\\/www.youthforequality.sk\\\/index.php\\\/2024\\\/11\\\/04\\\/halloweenovy-erasmus-v-dubline\\\/#primaryimage\"},\"image\":{\"@id\":\"https:\\\/\\\/www.youthforequality.sk\\\/index.php\\\/2024\\\/11\\\/04\\\/halloweenovy-erasmus-v-dubline\\\/#primaryimage\"},\"thumbnailUrl\":\"https:\\\/\\\/www.youthforequality.sk\\\/wp-content\\\/uploads\\\/2024\\\/11\\\/WhatsApp-Image-2024-11-04-at-12.30.27.jpeg\",\"datePublished\":\"2024-11-04T13:23:44+00:00\",\"dateModified\":\"2024-11-05T08:17:18+00:00\",\"breadcrumb\":{\"@id\":\"https:\\\/\\\/www.youthforequality.sk\\\/index.php\\\/2024\\\/11\\\/04\\\/halloweenovy-erasmus-v-dubline\\\/#breadcrumb\"},\"inLanguage\":\"sk-SK\",\"potentialAction\":[{\"@type\":\"ReadAction\",\"target\":[\"https:\\\/\\\/www.youthforequality.sk\\\/index.php\\\/2024\\\/11\\\/04\\\/halloweenovy-erasmus-v-dubline\\\/\"]}]},{\"@type\":\"ImageObject\",\"inLanguage\":\"sk-SK\",\"@id\":\"https:\\\/\\\/www.youthforequality.sk\\\/index.php\\\/2024\\\/11\\\/04\\\/halloweenovy-erasmus-v-dubline\\\/#primaryimage\",\"url\":\"https:\\\/\\\/www.youthforequality.sk\\\/wp-content\\\/uploads\\\/2024\\\/11\\\/WhatsApp-Image-2024-11-04-at-12.30.27.jpeg\",\"contentUrl\":\"https:\\\/\\\/www.youthforequality.sk\\\/wp-content\\\/uploads\\\/2024\\\/11\\\/WhatsApp-Image-2024-11-04-at-12.30.27.jpeg\",\"width\":586,\"height\":780},{\"@type\":\"BreadcrumbList\",\"@id\":\"https:\\\/\\\/www.youthforequality.sk\\\/index.php\\\/2024\\\/11\\\/04\\\/halloweenovy-erasmus-v-dubline\\\/#breadcrumb\",\"itemListElement\":[{\"@type\":\"ListItem\",\"position\":1,\"name\":\"Home\",\"item\":\"https:\\\/\\\/www.youthforequality.sk\\\/\"},{\"@type\":\"ListItem\",\"position\":2,\"name\":\"Halloweenov\u00fd Erasmus v Dubline\"}]},{\"@type\":\"WebSite\",\"@id\":\"https:\\\/\\\/www.youthforequality.sk\\\/#website\",\"url\":\"https:\\\/\\\/www.youthforequality.sk\\\/\",\"name\":\"\",\"description\":\"\",\"publisher\":{\"@id\":\"https:\\\/\\\/www.youthforequality.sk\\\/#organization\"},\"potentialAction\":[{\"@type\":\"SearchAction\",\"target\":{\"@type\":\"EntryPoint\",\"urlTemplate\":\"https:\\\/\\\/www.youthforequality.sk\\\/?s={search_term_string}\"},\"query-input\":{\"@type\":\"PropertyValueSpecification\",\"valueRequired\":true,\"valueName\":\"search_term_string\"}}],\"inLanguage\":\"sk-SK\"},{\"@type\":\"Organization\",\"@id\":\"https:\\\/\\\/www.youthforequality.sk\\\/#organization\",\"name\":\"Youth for Equality\",\"url\":\"https:\\\/\\\/www.youthforequality.sk\\\/\",\"logo\":{\"@type\":\"ImageObject\",\"inLanguage\":\"sk-SK\",\"@id\":\"https:\\\/\\\/www.youthforequality.sk\\\/#\\\/schema\\\/logo\\\/image\\\/\",\"url\":\"https:\\\/\\\/www.youthforequality.sk\\\/wp-content\\\/uploads\\\/2021\\\/01\\\/vynovene-logo-nove-farby_modra-na-web.png\",\"contentUrl\":\"https:\\\/\\\/www.youthforequality.sk\\\/wp-content\\\/uploads\\\/2021\\\/01\\\/vynovene-logo-nove-farby_modra-na-web.png\",\"width\":1,\"height\":1,\"caption\":\"Youth for Equality\"},\"image\":{\"@id\":\"https:\\\/\\\/www.youthforequality.sk\\\/#\\\/schema\\\/logo\\\/image\\\/\"},\"sameAs\":[\"https:\\\/\\\/www.facebook.com\\\/yeslovakia\"]},{\"@type\":\"Person\",\"@id\":\"https:\\\/\\\/www.youthforequality.sk\\\/#\\\/schema\\\/person\\\/f68f7ffe79f5a2bba235fb60e0283347\",\"name\":\"Yoana\",\"image\":{\"@type\":\"ImageObject\",\"inLanguage\":\"sk-SK\",\"@id\":\"https:\\\/\\\/secure.gravatar.com\\\/avatar\\\/f5889cd61205e50db708a0aee253e7dd1c444eef2df020270b30bb0594b8e643?s=96&d=mm&r=g\",\"url\":\"https:\\\/\\\/secure.gravatar.com\\\/avatar\\\/f5889cd61205e50db708a0aee253e7dd1c444eef2df020270b30bb0594b8e643?s=96&d=mm&r=g\",\"contentUrl\":\"https:\\\/\\\/secure.gravatar.com\\\/avatar\\\/f5889cd61205e50db708a0aee253e7dd1c444eef2df020270b30bb0594b8e643?s=96&d=mm&r=g\",\"caption\":\"Yoana\"},\"url\":\"https:\\\/\\\/www.youthforequality.sk\\\/index.php\\\/author\\\/yoana\\\/\"}]}<\/script>\n<!-- \/ Yoast SEO plugin. -->","yoast_head_json":{"title":"Halloweenov\u00fd Erasmus v Dubline |","robots":{"index":"index","follow":"follow","max-snippet":"max-snippet:-1","max-image-preview":"max-image-preview:large","max-video-preview":"max-video-preview:-1"},"canonical":"https:\/\/www.youthforequality.sk\/index.php\/2024\/11\/04\/halloweenovy-erasmus-v-dubline\/","og_locale":"sk_SK","og_type":"article","og_title":"Halloweenov\u00fd Erasmus v Dubline |","og_description":"Ned\u00e1vno sme za\u017eili \u00fa\u017easn\u00fd Erasmus pobyt v Dubline. Tento v\u00fdlet bol jedn\u00fdm slovom nezabudnute\u013en\u00fd. Cel\u00fd pobyt mal n\u00e1dhern\u00fa atmosf\u00e9ru a oslavovali sme Halloween vo ve\u013ekom \u0161t\u00fdle. Najv\u00e4\u010d\u0161\u00edm z\u00e1\u017eitkom bolo na\u0161e tane\u010dn\u00e9 vyst\u00fapenie v parku pre deti. Tr\u00e9novali sme a nacvi\u010dovali choreografiu, aby sme ich \u010do najlep\u0161ie pobavili, a popritom sme organizovali r\u00f4zne atrakcie a z\u00e1bavn\u00e9&hellip;&nbsp;\u010c\u00edta\u0165 viac &raquo;Halloweenov\u00fd Erasmus v Dubline","og_url":"https:\/\/www.youthforequality.sk\/index.php\/2024\/11\/04\/halloweenovy-erasmus-v-dubline\/","article_publisher":"https:\/\/www.facebook.com\/yeslovakia","article_published_time":"2024-11-04T13:23:44+00:00","article_modified_time":"2024-11-05T08:17:18+00:00","og_image":[{"width":586,"height":780,"url":"https:\/\/www.youthforequality.sk\/wp-content\/uploads\/2024\/11\/WhatsApp-Image-2024-11-04-at-12.30.27.jpeg","type":"image\/jpeg"}],"author":"Yoana","twitter_card":"summary_large_image","twitter_misc":{"Autor":"Yoana","Predpokladan\u00fd \u010das \u010d\u00edtania":"2 min\u00faty"},"schema":{"@context":"https:\/\/schema.org","@graph":[{"@type":"Article","@id":"https:\/\/www.youthforequality.sk\/index.php\/2024\/11\/04\/halloweenovy-erasmus-v-dubline\/#article","isPartOf":{"@id":"https:\/\/www.youthforequality.sk\/index.php\/2024\/11\/04\/halloweenovy-erasmus-v-dubline\/"},"author":{"name":"Yoana","@id":"https:\/\/www.youthforequality.sk\/#\/schema\/person\/f68f7ffe79f5a2bba235fb60e0283347"},"headline":"Halloweenov\u00fd Erasmus v Dubline","datePublished":"2024-11-04T13:23:44+00:00","dateModified":"2024-11-05T08:17:18+00:00","mainEntityOfPage":{"@id":"https:\/\/www.youthforequality.sk\/index.php\/2024\/11\/04\/halloweenovy-erasmus-v-dubline\/"},"wordCount":233,"publisher":{"@id":"https:\/\/www.youthforequality.sk\/#organization"},"image":{"@id":"https:\/\/www.youthforequality.sk\/index.php\/2024\/11\/04\/halloweenovy-erasmus-v-dubline\/#primaryimage"},"thumbnailUrl":"https:\/\/www.youthforequality.sk\/wp-content\/uploads\/2024\/11\/WhatsApp-Image-2024-11-04-at-12.30.27.jpeg","articleSection":["Blog"],"inLanguage":"sk-SK"},{"@type":"WebPage","@id":"https:\/\/www.youthforequality.sk\/index.php\/2024\/11\/04\/halloweenovy-erasmus-v-dubline\/","url":"https:\/\/www.youthforequality.sk\/index.php\/2024\/11\/04\/halloweenovy-erasmus-v-dubline\/","name":"Halloweenov\u00fd Erasmus v Dubline |","isPartOf":{"@id":"https:\/\/www.youthforequality.sk\/#website"},"primaryImageOfPage":{"@id":"https:\/\/www.youthforequality.sk\/index.php\/2024\/11\/04\/halloweenovy-erasmus-v-dubline\/#primaryimage"},"image":{"@id":"https:\/\/www.youthforequality.sk\/index.php\/2024\/11\/04\/halloweenovy-erasmus-v-dubline\/#primaryimage"},"thumbnailUrl":"https:\/\/www.youthforequality.sk\/wp-content\/uploads\/2024\/11\/WhatsApp-Image-2024-11-04-at-12.30.27.jpeg","datePublished":"2024-11-04T13:23:44+00:00","dateModified":"2024-11-05T08:17:18+00:00","breadcrumb":{"@id":"https:\/\/www.youthforequality.sk\/index.php\/2024\/11\/04\/halloweenovy-erasmus-v-dubline\/#breadcrumb"},"inLanguage":"sk-SK","potentialAction":[{"@type":"ReadAction","target":["https:\/\/www.youthforequality.sk\/index.php\/2024\/11\/04\/halloweenovy-erasmus-v-dubline\/"]}]},{"@type":"ImageObject","inLanguage":"sk-SK","@id":"https:\/\/www.youthforequality.sk\/index.php\/2024\/11\/04\/halloweenovy-erasmus-v-dubline\/#primaryimage","url":"https:\/\/www.youthforequality.sk\/wp-content\/uploads\/2024\/11\/WhatsApp-Image-2024-11-04-at-12.30.27.jpeg","contentUrl":"https:\/\/www.youthforequality.sk\/wp-content\/uploads\/2024\/11\/WhatsApp-Image-2024-11-04-at-12.30.27.jpeg","width":586,"height":780},{"@type":"BreadcrumbList","@id":"https:\/\/www.youthforequality.sk\/index.php\/2024\/11\/04\/halloweenovy-erasmus-v-dubline\/#breadcrumb","itemListElement":[{"@type":"ListItem","position":1,"name":"Home","item":"https:\/\/www.youthforequality.sk\/"},{"@type":"ListItem","position":2,"name":"Halloweenov\u00fd Erasmus v Dubline"}]},{"@type":"WebSite","@id":"https:\/\/www.youthforequality.sk\/#website","url":"https:\/\/www.youthforequality.sk\/","name":"","description":"","publisher":{"@id":"https:\/\/www.youthforequality.sk\/#organization"},"potentialAction":[{"@type":"SearchAction","target":{"@type":"EntryPoint","urlTemplate":"https:\/\/www.youthforequality.sk\/?s={search_term_string}"},"query-input":{"@type":"PropertyValueSpecification","valueRequired":true,"valueName":"search_term_string"}}],"inLanguage":"sk-SK"},{"@type":"Organization","@id":"https:\/\/www.youthforequality.sk\/#organization","name":"Youth for Equality","url":"https:\/\/www.youthforequality.sk\/","logo":{"@type":"ImageObject","inLanguage":"sk-SK","@id":"https:\/\/www.youthforequality.sk\/#\/schema\/logo\/image\/","url":"https:\/\/www.youthforequality.sk\/wp-content\/uploads\/2021\/01\/vynovene-logo-nove-farby_modra-na-web.png","contentUrl":"https:\/\/www.youthforequality.sk\/wp-content\/uploads\/2021\/01\/vynovene-logo-nove-farby_modra-na-web.png","width":1,"height":1,"caption":"Youth for Equality"},"image":{"@id":"https:\/\/www.youthforequality.sk\/#\/schema\/logo\/image\/"},"sameAs":["https:\/\/www.facebook.com\/yeslovakia"]},{"@type":"Person","@id":"https:\/\/www.youthforequality.sk\/#\/schema\/person\/f68f7ffe79f5a2bba235fb60e0283347","name":"Yoana","image":{"@type":"ImageObject","inLanguage":"sk-SK","@id":"https:\/\/secure.gravatar.com\/avatar\/f5889cd61205e50db708a0aee253e7dd1c444eef2df020270b30bb0594b8e643?s=96&d=mm&r=g","url":"https:\/\/secure.gravatar.com\/avatar\/f5889cd61205e50db708a0aee253e7dd1c444eef2df020270b30bb0594b8e643?s=96&d=mm&r=g","contentUrl":"https:\/\/secure.gravatar.com\/avatar\/f5889cd61205e50db708a0aee253e7dd1c444eef2df020270b30bb0594b8e643?s=96&d=mm&r=g","caption":"Yoana"},"url":"https:\/\/www.youthforequality.sk\/index.php\/author\/yoana\/"}]}},"_links":{"self":[{"href":"https:\/\/www.youthforequality.sk\/index.php\/wp-json\/wp\/v2\/posts\/8122","targetHints":{"allow":["GET"]}}],"collection":[{"href":"https:\/\/www.youthforequality.sk\/index.php\/wp-json\/wp\/v2\/posts"}],"about":[{"href":"https:\/\/www.youthforequality.sk\/index.php\/wp-json\/wp\/v2\/types\/post"}],"author":[{"embeddable":true,"href":"https:\/\/www.youthforequality.sk\/index.php\/wp-json\/wp\/v2\/users\/8"}],"replies":[{"embeddable":true,"href":"https:\/\/www.youthforequality.sk\/index.php\/wp-json\/wp\/v2\/comments?post=8122"}],"version-history":[{"count":7,"href":"https:\/\/www.youthforequality.sk\/index.php\/wp-json\/wp\/v2\/posts\/8122\/revisions"}],"predecessor-version":[{"id":8135,"href":"https:\/\/www.youthforequality.sk\/index.php\/wp-json\/wp\/v2\/posts\/8122\/revisions\/8135"}],"wp:featuredmedia":[{"embeddable":true,"href":"https:\/\/www.youthforequality.sk\/index.php\/wp-json\/wp\/v2\/media\/8128"}],"wp:attachment":[{"href":"https:\/\/www.youthforequality.sk\/index.php\/wp-json\/wp\/v2\/media?parent=8122"}],"wp:term":[{"taxonomy":"category","embeddable":true,"href":"https:\/\/www.youthforequality.sk\/index.php\/wp-json\/wp\/v2\/categories?post=8122"},{"taxonomy":"post_tag","embeddable":true,"href":"https:\/\/www.youthforequality.sk\/index.php\/wp-json\/wp\/v2\/tags?post=8122"}],"curies":[{"name":"wp","href":"https:\/\/api.w.org\/{rel}","templated":true}]}}