{"id":8793,"date":"2025-02-13T14:07:30","date_gmt":"2025-02-13T13:07:30","guid":{"rendered":"https:\/\/www.youthforequality.sk\/index.php\/2025\/02\/13\/be-online-copy\/"},"modified":"2025-11-04T12:37:03","modified_gmt":"2025-11-04T11:37:03","slug":"green-leaders-of-tomorrow","status":"publish","type":"post","link":"https:\/\/www.youthforequality.sk\/index.php\/2025\/02\/13\/green-leaders-of-tomorrow\/","title":{"rendered":"Green Leaders of Tomorrow"},"content":{"rendered":"\t\t<div data-elementor-type=\"wp-post\" data-elementor-id=\"8793\" class=\"elementor elementor-8793\">\n\t\t\t\t\t\t<section class=\"elementor-section elementor-top-section elementor-element elementor-element-f5ec05a elementor-section-boxed elementor-section-height-default elementor-section-height-default\" data-id=\"f5ec05a\" data-element_type=\"section\" data-e-type=\"section\">\n\t\t\t\t\t\t<div class=\"elementor-container elementor-column-gap-default\">\n\t\t\t\t\t<div class=\"elementor-column elementor-col-100 elementor-top-column elementor-element elementor-element-b8b58bf\" data-id=\"b8b58bf\" data-element_type=\"column\" data-e-type=\"column\">\n\t\t\t<div class=\"elementor-widget-wrap elementor-element-populated\">\n\t\t\t\t\t\t<div class=\"elementor-element elementor-element-608472b elementor-widget elementor-widget-text-editor\" data-id=\"608472b\" data-element_type=\"widget\" data-e-type=\"widget\" data-widget_type=\"text-editor.default\">\n\t\t\t\t<div class=\"elementor-widget-container\">\n\t\t\t\t\t\t\t\t\t<h3 data-start=\"374\" data-end=\"412\">Mlad\u00ed l\u00eddri pre zelen\u00fa bud\u00facnos\u0165<\/h3><p data-start=\"414\" data-end=\"810\"><strong data-start=\"414\" data-end=\"443\">Green Leaders of Tomorrow<\/strong> je iniciat\u00edva organiz\u00e1cie <strong data-start=\"470\" data-end=\"492\">Youth for Equality<\/strong>, ktor\u00e1 pom\u00e1ha mlad\u00fdm \u013eu\u010fom sta\u0165 sa akt\u00edvnymi l\u00eddrami v oblasti <strong data-start=\"556\" data-end=\"605\">klimatickej a environment\u00e1lnej spravodlivosti<\/strong>.<br data-start=\"606\" data-end=\"609\" \/>Projekt je podporen\u00fd v r\u00e1mci programu <strong data-start=\"647\" data-end=\"684\">Youth Climate Justice Fund (YCJF)<\/strong> a sp\u00e1ja <strong data-start=\"693\" data-end=\"732\">vzdel\u00e1vanie, prax a komunitn\u00fa akciu<\/strong>, aby mlad\u00ed \u013eudia mohli re\u00e1lne prispie\u0165 k pozit\u00edvnym zmen\u00e1m vo svojom okol\u00ed.<\/p><hr data-start=\"812\" data-end=\"815\" \/><h3 data-start=\"817\" data-end=\"840\">Ciele projektu<\/h3><ul data-start=\"841\" data-end=\"1349\"><li data-start=\"841\" data-end=\"976\"><p data-start=\"843\" data-end=\"976\">Posilni\u0165 <strong data-start=\"852\" data-end=\"890\">vedomosti a zru\u010dnosti mlad\u00fdch \u013eud\u00ed<\/strong> v oblasti klimatickej zmeny, ekologickej udr\u017eate\u013enosti a environment\u00e1lnych polit\u00edk.<\/p><\/li><li data-start=\"977\" data-end=\"1126\"><p data-start=\"979\" data-end=\"1126\">Podpori\u0165 <strong data-start=\"988\" data-end=\"1028\">mlad\u00fdch l\u00eddrov vo veku 15 \u2013 30 rokov<\/strong>, aby sa stali obhajcami zelen\u00fdch rie\u0161en\u00ed a akt\u00edvne sa zap\u00e1jali do diania vo svojich komunit\u00e1ch.<\/p><\/li><li data-start=\"1127\" data-end=\"1230\"><p data-start=\"1129\" data-end=\"1230\">Vytvori\u0165 <strong data-start=\"1138\" data-end=\"1157\">sie\u0165 eko-l\u00eddrov<\/strong>, ktor\u00ed zdie\u013eaj\u00fa sk\u00fasenosti, spolupracuj\u00fa a realizuj\u00fa lok\u00e1lne projekty.<\/p><\/li><li data-start=\"1231\" data-end=\"1349\"><p data-start=\"1233\" data-end=\"1349\">Zn\u00ed\u017ei\u0165 <strong data-start=\"1240\" data-end=\"1263\">\u00fazkos\u0165 z bud\u00facnosti<\/strong> medzi mlad\u00fdmi \u013eu\u010fmi prostredn\u00edctvom vzdel\u00e1vania, praktick\u00fdch sk\u00fasenost\u00ed a mentoringu.<\/p><\/li><\/ul><hr data-start=\"1351\" data-end=\"1354\" \/><h3 data-start=\"1356\" data-end=\"1380\">Hlavn\u00e9 aktivity<\/h3><h4 data-start=\"1382\" data-end=\"1414\">Interakt\u00edvne workshopy<\/h4><p data-start=\"1415\" data-end=\"1746\">Po\u010das \u0161iestich mesiacov organizujeme s\u00e9riu <strong data-start=\"1458\" data-end=\"1488\">12 vzdel\u00e1vac\u00edch workshopov<\/strong> o klimatick\u00fdch zmen\u00e1ch, udr\u017eate\u013en\u00fdch praktik\u00e1ch a environment\u00e1lnych politik\u00e1ch.<br data-start=\"1568\" data-end=\"1571\" \/>Workshopy vyu\u017e\u00edvaj\u00fa <strong data-start=\"1591\" data-end=\"1624\">neform\u00e1lne vzdel\u00e1vacie met\u00f3dy<\/strong> \u2013 diskusie, rolov\u00e9 hry, skupinov\u00e9 projekty \u010di kreat\u00edvne kampane.<br data-start=\"1689\" data-end=\"1692\" \/>Zap\u00e1ja sa do nich 20 mlad\u00fdch \u013eud\u00ed z Trnavy a okolia.<\/p><h4 data-start=\"1748\" data-end=\"1777\">\u00a0<\/h4><h4 data-start=\"1748\" data-end=\"1777\">Leadership Training<\/h4><p data-start=\"1778\" data-end=\"2049\">V r\u00e1mci projektu prebieha <strong data-start=\"1804\" data-end=\"1843\">\u0161es\u0165 tr\u00e9ningov l\u00eddersk\u00fdch zru\u010dnost\u00ed<\/strong>, zameran\u00fdch na projektov\u00fd mana\u017ement, verejn\u00e9 vystupovanie, komunitn\u00fa organiz\u00e1ciu a efekt\u00edvnu advok\u00e1ciu.<br data-start=\"1947\" data-end=\"1950\" \/>\u00da\u010dastn\u00edci rozv\u00edjaj\u00fa vlastn\u00e9 n\u00e1pady, ako prinies\u0165 ekologick\u00e9 rie\u0161enia do svojho mesta alebo \u0161koly.<\/p><h4 data-start=\"2051\" data-end=\"2078\">\u00a0<\/h4><h4 data-start=\"2051\" data-end=\"2078\">\u0160tudijn\u00e9 n\u00e1v\u0161tevy<\/h4><p data-start=\"2079\" data-end=\"2352\">S\u00fa\u010das\u0165ou programu s\u00fa aj <strong data-start=\"2103\" data-end=\"2152\">n\u00e1v\u0161tevy ekologick\u00fdch iniciat\u00edv a organiz\u00e1ci\u00ed<\/strong>, ktor\u00e9 pon\u00fakaj\u00fa re\u00e1lne pr\u00edklady udr\u017eate\u013en\u00fdch rie\u0161en\u00ed \u2013 od komunitn\u00fdch z\u00e1hrad cez recykla\u010dn\u00e9 centr\u00e1 a\u017e po projekty obnovite\u013enej energie.<br data-start=\"2288\" data-end=\"2291\" \/>Tieto \u201elearning by doing\u201c aktivity sp\u00e1jaj\u00fa te\u00f3riu s praxou.<\/p><h4 data-start=\"2354\" data-end=\"2373\">\u00a0<\/h4><h4 data-start=\"2354\" data-end=\"2373\">Mentoring<\/h4><p data-start=\"2374\" data-end=\"2545\">Ka\u017ed\u00fd \u00fa\u010dastn\u00edk m\u00e1 mo\u017enos\u0165 spolupracova\u0165 s <strong data-start=\"2416\" data-end=\"2476\">mentorom z oblasti ekol\u00f3gie, vzdel\u00e1vania alebo aktivizmu<\/strong>, ktor\u00fd ho podporuje v rozvoji vlastn\u00e9ho projektu a osobn\u00e9ho rastu.<\/p><hr data-start=\"2547\" data-end=\"2550\" \/><h3 data-start=\"2552\" data-end=\"2579\">\u00a0<\/h3><h3 data-start=\"2552\" data-end=\"2579\">O\u010dak\u00e1van\u00e9 v\u00fdsledky<\/h3><ul data-start=\"2580\" data-end=\"2863\"><li data-start=\"2580\" data-end=\"2645\"><p data-start=\"2582\" data-end=\"2645\">zapojenie <strong data-start=\"2592\" data-end=\"2621\">minim\u00e1lne 40 mlad\u00fdch \u013eud\u00ed<\/strong> z Trnavsk\u00e9ho regi\u00f3nu,<\/p><\/li><li data-start=\"2646\" data-end=\"2717\"><p data-start=\"2648\" data-end=\"2717\">vznik <strong data-start=\"2654\" data-end=\"2694\">vlastn\u00fdch komunitn\u00fdch mini-projektov<\/strong> veden\u00fdch \u00fa\u010dastn\u00edkmi,<\/p><\/li><li data-start=\"2718\" data-end=\"2783\"><p data-start=\"2720\" data-end=\"2783\">posilnenie ekologick\u00e9ho povedomia a ob\u010dianskej zodpovednosti,<\/p><\/li><li data-start=\"2784\" data-end=\"2863\"><p data-start=\"2786\" data-end=\"2863\">prepojenie medzi <strong data-start=\"2803\" data-end=\"2860\">\u0161kolami, mestom a lok\u00e1lnymi ekologick\u00fdmi iniciat\u00edvami<\/strong>.<\/p><\/li><\/ul><hr data-start=\"2865\" data-end=\"2868\" \/><h3 data-start=\"2870\" data-end=\"2896\">Partneri projektu<\/h3><p data-start=\"2897\" data-end=\"2934\">V projekte spolupracujeme s:<\/p><ul data-start=\"2935\" data-end=\"3177\"><li data-start=\"2935\" data-end=\"2978\"><p data-start=\"2937\" data-end=\"2978\"><strong data-start=\"2937\" data-end=\"2975\">Z\u00e1kladnou \u0161kolou Van\u010durova, Trnava<\/strong>,<\/p><\/li><li data-start=\"2979\" data-end=\"3001\"><p data-start=\"2981\" data-end=\"3001\"><strong data-start=\"2981\" data-end=\"2998\">Mestom Trnava<\/strong>,<\/p><\/li><li data-start=\"3002\" data-end=\"3177\"><p data-start=\"3004\" data-end=\"3177\"><strong data-start=\"3004\" data-end=\"3059\">Strednou odbornou \u0161kolou elektrotechnickou v Trnave<\/strong>,<br data-start=\"3060\" data-end=\"3063\" \/>a \u010fal\u0161\u00edmi miestnymi partnermi a odborn\u00edkmi, ktor\u00ed podporuj\u00fa rozvoj mlad\u00fdch l\u00eddrov a environment\u00e1lnych iniciat\u00edv.<\/p><\/li><\/ul><hr data-start=\"3179\" data-end=\"3182\" \/><h3 data-start=\"3184\" data-end=\"3208\"><img decoding=\"async\" class=\"emoji\" role=\"img\" draggable=\"false\" src=\"https:\/\/s.w.org\/images\/core\/emoji\/16.0.1\/svg\/1f4ac.svg\" alt=\"\ud83d\udcac\" \/> Hlas \u00fa\u010dastn\u00edkov<\/h3><blockquote data-start=\"3209\" data-end=\"3403\"><p data-start=\"3211\" data-end=\"3403\">\u201eV\u010faka Green Leaders som si uvedomil, \u017ee aj mal\u00e9 zmeny v komunite m\u00f4\u017eu ma\u0165 ve\u013ek\u00fd dopad. Sta\u010d\u00ed za\u010da\u0165 kona\u0165 \u2013 aj ke\u010f len vo svojej \u0161kole alebo \u0161tvrti.\u201c<br data-start=\"3360\" data-end=\"3363\" \/>\u2014 Mat\u00fa\u0161, 17 rokov, \u00fa\u010dastn\u00edk projektu<\/p><\/blockquote><hr data-start=\"3405\" data-end=\"3408\" \/><h3 data-start=\"3410\" data-end=\"3429\">Na\u0161a v\u00edzia<\/h3><p data-start=\"3430\" data-end=\"3683\">Ver\u00edme, \u017ee <strong data-start=\"3441\" data-end=\"3506\">zelen\u00e9 l\u00edderstvo za\u010d\u00edna poznan\u00edm, spolupr\u00e1cou a odvahou kona\u0165<\/strong>.<br data-start=\"3507\" data-end=\"3510\" \/>Cie\u013eom Youth for Equality je vychova\u0165 gener\u00e1ciu mlad\u00fdch \u013eud\u00ed, ktor\u00ed s\u00fa <strong data-start=\"3581\" data-end=\"3649\">sebavedom\u00ed, informovan\u00ed a pripraven\u00ed tvori\u0165 udr\u017eate\u013en\u00fa bud\u00facnos\u0165<\/strong> pre seba aj pre svoje komunity.<\/p><hr data-start=\"3685\" data-end=\"3688\" \/><p data-start=\"3690\" data-end=\"3815\"><em data-start=\"3695\" data-end=\"3815\">\u00a0<\/em><\/p><p data-start=\"3690\" data-end=\"3815\"><em data-start=\"3695\" data-end=\"3815\">Projekt je podporen\u00fd prostredn\u00edctvom Youth Climate Justice Fund (YCJF).\u00a0<\/em><\/p>\t\t\t\t\t\t\t\t<\/div>\n\t\t\t\t<\/div>\n\t\t\t\t\t<\/div>\n\t\t<\/div>\n\t\t\t\t\t<\/div>\n\t\t<\/section>\n\t\t\t\t<section class=\"elementor-section elementor-top-section elementor-element elementor-element-1242293 elementor-section-boxed elementor-section-height-default elementor-section-height-default\" data-id=\"1242293\" data-element_type=\"section\" data-e-type=\"section\">\n\t\t\t\t\t\t<div class=\"elementor-container elementor-column-gap-default\">\n\t\t\t\t\t<div class=\"elementor-column elementor-col-100 elementor-top-column elementor-element elementor-element-a871f73\" data-id=\"a871f73\" data-element_type=\"column\" data-e-type=\"column\">\n\t\t\t<div class=\"elementor-widget-wrap elementor-element-populated\">\n\t\t\t\t\t\t<div class=\"elementor-element elementor-element-065bfcc elementor-widget elementor-widget-image\" data-id=\"065bfcc\" data-element_type=\"widget\" data-e-type=\"widget\" data-widget_type=\"image.default\">\n\t\t\t\t<div class=\"elementor-widget-container\">\n\t\t\t\t\t\t\t\t\t\t\t\t\t\t\t<img fetchpriority=\"high\" decoding=\"async\" width=\"1024\" height=\"577\" src=\"https:\/\/www.youthforequality.sk\/wp-content\/uploads\/2025\/02\/WhatsApp-Image-2025-05-28-at-16.34.07-1-2-1024x577.jpeg\" class=\"attachment-large size-large wp-image-9990\" alt=\"\" srcset=\"https:\/\/www.youthforequality.sk\/wp-content\/uploads\/2025\/02\/WhatsApp-Image-2025-05-28-at-16.34.07-1-2-1024x577.jpeg 1024w, https:\/\/www.youthforequality.sk\/wp-content\/uploads\/2025\/02\/WhatsApp-Image-2025-05-28-at-16.34.07-1-2-300x169.jpeg 300w, https:\/\/www.youthforequality.sk\/wp-content\/uploads\/2025\/02\/WhatsApp-Image-2025-05-28-at-16.34.07-1-2-768x432.jpeg 768w, https:\/\/www.youthforequality.sk\/wp-content\/uploads\/2025\/02\/WhatsApp-Image-2025-05-28-at-16.34.07-1-2-1536x865.jpeg 1536w, https:\/\/www.youthforequality.sk\/wp-content\/uploads\/2025\/02\/WhatsApp-Image-2025-05-28-at-16.34.07-1-2.jpeg 2000w\" sizes=\"(max-width: 1024px) 100vw, 1024px\" \/>\t\t\t\t\t\t\t\t\t\t\t\t\t\t\t<\/div>\n\t\t\t\t<\/div>\n\t\t\t\t\t<\/div>\n\t\t<\/div>\n\t\t\t\t\t<\/div>\n\t\t<\/section>\n\t\t\t\t<section class=\"elementor-section elementor-top-section elementor-element elementor-element-a38db49 elementor-section-boxed elementor-section-height-default elementor-section-height-default\" data-id=\"a38db49\" data-element_type=\"section\" data-e-type=\"section\">\n\t\t\t\t\t\t<div class=\"elementor-container elementor-column-gap-default\">\n\t\t\t\t\t<div class=\"elementor-column elementor-col-100 elementor-top-column elementor-element elementor-element-334e49c\" data-id=\"334e49c\" data-element_type=\"column\" data-e-type=\"column\">\n\t\t\t<div class=\"elementor-widget-wrap elementor-element-populated\">\n\t\t\t\t\t\t<div class=\"elementor-element elementor-element-1723238 elementor-widget elementor-widget-image\" data-id=\"1723238\" data-element_type=\"widget\" data-e-type=\"widget\" data-widget_type=\"image.default\">\n\t\t\t\t<div class=\"elementor-widget-container\">\n\t\t\t\t\t\t\t\t\t\t\t\t\t\t\t<img decoding=\"async\" width=\"1024\" height=\"576\" src=\"https:\/\/www.youthforequality.sk\/wp-content\/uploads\/2025\/02\/WhatsApp-Image-2025-05-28-at-16.43.09-1-1024x576.jpeg\" class=\"attachment-large size-large wp-image-9991\" alt=\"\" srcset=\"https:\/\/www.youthforequality.sk\/wp-content\/uploads\/2025\/02\/WhatsApp-Image-2025-05-28-at-16.43.09-1-1024x576.jpeg 1024w, https:\/\/www.youthforequality.sk\/wp-content\/uploads\/2025\/02\/WhatsApp-Image-2025-05-28-at-16.43.09-1-300x169.jpeg 300w, https:\/\/www.youthforequality.sk\/wp-content\/uploads\/2025\/02\/WhatsApp-Image-2025-05-28-at-16.43.09-1-768x432.jpeg 768w, https:\/\/www.youthforequality.sk\/wp-content\/uploads\/2025\/02\/WhatsApp-Image-2025-05-28-at-16.43.09-1-1536x864.jpeg 1536w, https:\/\/www.youthforequality.sk\/wp-content\/uploads\/2025\/02\/WhatsApp-Image-2025-05-28-at-16.43.09-1.jpeg 1600w\" sizes=\"(max-width: 1024px) 100vw, 1024px\" \/>\t\t\t\t\t\t\t\t\t\t\t\t\t\t\t<\/div>\n\t\t\t\t<\/div>\n\t\t\t\t\t<\/div>\n\t\t<\/div>\n\t\t\t\t\t<\/div>\n\t\t<\/section>\n\t\t\t\t<section class=\"elementor-section elementor-top-section elementor-element elementor-element-0fd1cb8 elementor-section-boxed elementor-section-height-default elementor-section-height-default\" data-id=\"0fd1cb8\" data-element_type=\"section\" data-e-type=\"section\">\n\t\t\t\t\t\t<div class=\"elementor-container elementor-column-gap-default\">\n\t\t\t\t\t<div class=\"elementor-column elementor-col-100 elementor-top-column elementor-element elementor-element-b913753\" data-id=\"b913753\" data-element_type=\"column\" data-e-type=\"column\">\n\t\t\t<div class=\"elementor-widget-wrap elementor-element-populated\">\n\t\t\t\t\t\t<div class=\"elementor-element elementor-element-3523f62 elementor-widget elementor-widget-image\" data-id=\"3523f62\" data-element_type=\"widget\" data-e-type=\"widget\" data-widget_type=\"image.default\">\n\t\t\t\t<div class=\"elementor-widget-container\">\n\t\t\t\t\t\t\t\t\t\t\t\t\t\t\t<img decoding=\"async\" width=\"1024\" height=\"576\" src=\"https:\/\/www.youthforequality.sk\/wp-content\/uploads\/2025\/02\/WhatsApp-Image-2025-05-01-at-18.56.30-2-1024x576.jpeg\" class=\"attachment-large size-large wp-image-9988\" alt=\"\" srcset=\"https:\/\/www.youthforequality.sk\/wp-content\/uploads\/2025\/02\/WhatsApp-Image-2025-05-01-at-18.56.30-2-1024x576.jpeg 1024w, https:\/\/www.youthforequality.sk\/wp-content\/uploads\/2025\/02\/WhatsApp-Image-2025-05-01-at-18.56.30-2-300x169.jpeg 300w, https:\/\/www.youthforequality.sk\/wp-content\/uploads\/2025\/02\/WhatsApp-Image-2025-05-01-at-18.56.30-2-768x432.jpeg 768w, https:\/\/www.youthforequality.sk\/wp-content\/uploads\/2025\/02\/WhatsApp-Image-2025-05-01-at-18.56.30-2-1536x864.jpeg 1536w, https:\/\/www.youthforequality.sk\/wp-content\/uploads\/2025\/02\/WhatsApp-Image-2025-05-01-at-18.56.30-2.jpeg 1600w\" sizes=\"(max-width: 1024px) 100vw, 1024px\" \/>\t\t\t\t\t\t\t\t\t\t\t\t\t\t\t<\/div>\n\t\t\t\t<\/div>\n\t\t\t\t\t<\/div>\n\t\t<\/div>\n\t\t\t\t\t<\/div>\n\t\t<\/section>\n\t\t\t\t<\/div>\n\t\t","protected":false},"excerpt":{"rendered":"<p>Mlad\u00ed l\u00eddri pre zelen\u00fa bud\u00facnos\u0165 Green Leaders of Tomorrow je iniciat\u00edva organiz\u00e1cie Youth for Equality, ktor\u00e1 pom\u00e1ha mlad\u00fdm \u013eu\u010fom sta\u0165 sa akt\u00edvnymi l\u00eddrami v oblasti klimatickej a environment\u00e1lnej spravodlivosti.Projekt je podporen\u00fd v r\u00e1mci programu Youth Climate Justice Fund (YCJF) a sp\u00e1ja vzdel\u00e1vanie, prax a komunitn\u00fa akciu, aby mlad\u00ed \u013eudia mohli re\u00e1lne prispie\u0165 k pozit\u00edvnym zmen\u00e1m&hellip;&nbsp;<a href=\"https:\/\/www.youthforequality.sk\/index.php\/2025\/02\/13\/green-leaders-of-tomorrow\/\" class=\"\" rel=\"bookmark\">\u010c\u00edta\u0165 viac &raquo;<span class=\"screen-reader-text\">Green Leaders of Tomorrow<\/span><\/a><\/p>\n","protected":false},"author":2,"featured_media":8805,"comment_status":"closed","ping_status":"open","sticky":false,"template":"","format":"standard","meta":{"_uf_show_specific_survey":0,"_uf_disable_surveys":false,"neve_meta_sidebar":"","neve_meta_container":"","neve_meta_enable_content_width":"off","neve_meta_content_width":70,"neve_meta_title_alignment":"","neve_meta_author_avatar":"","neve_post_elements_order":"","neve_meta_disable_header":"","neve_meta_disable_footer":"","neve_meta_disable_title":"","_themeisle_gutenberg_block_has_review":false,"footnotes":""},"categories":[30],"tags":[],"class_list":["post-8793","post","type-post","status-publish","format-standard","has-post-thumbnail","hentry","category-projekty-mladych-lidrov-pripravujeme"],"yoast_head":"<!-- This site is optimized with the Yoast SEO plugin v27.4 - https:\/\/yoast.com\/product\/yoast-seo-wordpress\/ -->\n<title>Green Leaders of Tomorrow |<\/title>\n<meta name=\"robots\" content=\"index, follow, max-snippet:-1, max-image-preview:large, max-video-preview:-1\" \/>\n<link rel=\"canonical\" href=\"https:\/\/www.youthforequality.sk\/index.php\/2025\/02\/13\/green-leaders-of-tomorrow\/\" \/>\n<meta property=\"og:locale\" content=\"sk_SK\" \/>\n<meta property=\"og:type\" content=\"article\" \/>\n<meta property=\"og:title\" content=\"Green Leaders of Tomorrow |\" \/>\n<meta property=\"og:description\" content=\"Mlad\u00ed l\u00eddri pre zelen\u00fa bud\u00facnos\u0165 Green Leaders of Tomorrow je iniciat\u00edva organiz\u00e1cie Youth for Equality, ktor\u00e1 pom\u00e1ha mlad\u00fdm \u013eu\u010fom sta\u0165 sa akt\u00edvnymi l\u00eddrami v oblasti klimatickej a environment\u00e1lnej spravodlivosti.Projekt je podporen\u00fd v r\u00e1mci programu Youth Climate Justice Fund (YCJF) a sp\u00e1ja vzdel\u00e1vanie, prax a komunitn\u00fa akciu, aby mlad\u00ed \u013eudia mohli re\u00e1lne prispie\u0165 k pozit\u00edvnym zmen\u00e1m&hellip;&nbsp;\u010c\u00edta\u0165 viac &raquo;Green Leaders of Tomorrow\" \/>\n<meta property=\"og:url\" content=\"https:\/\/www.youthforequality.sk\/index.php\/2025\/02\/13\/green-leaders-of-tomorrow\/\" \/>\n<meta property=\"article:publisher\" content=\"https:\/\/www.facebook.com\/yeslovakia\" \/>\n<meta property=\"article:published_time\" content=\"2025-02-13T13:07:30+00:00\" \/>\n<meta property=\"article:modified_time\" content=\"2025-11-04T11:37:03+00:00\" \/>\n<meta property=\"og:image\" content=\"https:\/\/www.youthforequality.sk\/wp-content\/uploads\/2025\/02\/dpool01_A_vibrant_illustration_of_young_environmental_leaders_640e650f-f244-4be8-8a89-2e849e204bb7_0.png\" \/>\n\t<meta property=\"og:image:width\" content=\"1024\" \/>\n\t<meta property=\"og:image:height\" content=\"1024\" \/>\n\t<meta property=\"og:image:type\" content=\"image\/png\" \/>\n<meta name=\"author\" content=\"Diana Ja\u0161ekov\u00e1\" \/>\n<meta name=\"twitter:card\" content=\"summary_large_image\" \/>\n<meta name=\"twitter:label1\" content=\"Autor\" \/>\n\t<meta name=\"twitter:data1\" content=\"Diana Ja\u0161ekov\u00e1\" \/>\n\t<meta name=\"twitter:label2\" content=\"Predpokladan\u00fd \u010das \u010d\u00edtania\" \/>\n\t<meta name=\"twitter:data2\" content=\"3 min\u00faty\" \/>\n<script type=\"application\/ld+json\" class=\"yoast-schema-graph\">{\"@context\":\"https:\\\/\\\/schema.org\",\"@graph\":[{\"@type\":\"Article\",\"@id\":\"https:\\\/\\\/www.youthforequality.sk\\\/index.php\\\/2025\\\/02\\\/13\\\/green-leaders-of-tomorrow\\\/#article\",\"isPartOf\":{\"@id\":\"https:\\\/\\\/www.youthforequality.sk\\\/index.php\\\/2025\\\/02\\\/13\\\/green-leaders-of-tomorrow\\\/\"},\"author\":{\"name\":\"Diana Ja\u0161ekov\u00e1\",\"@id\":\"https:\\\/\\\/www.youthforequality.sk\\\/#\\\/schema\\\/person\\\/be8fe75a4ed9c28400bc99a029218b24\"},\"headline\":\"Green Leaders of Tomorrow\",\"datePublished\":\"2025-02-13T13:07:30+00:00\",\"dateModified\":\"2025-11-04T11:37:03+00:00\",\"mainEntityOfPage\":{\"@id\":\"https:\\\/\\\/www.youthforequality.sk\\\/index.php\\\/2025\\\/02\\\/13\\\/green-leaders-of-tomorrow\\\/\"},\"wordCount\":549,\"publisher\":{\"@id\":\"https:\\\/\\\/www.youthforequality.sk\\\/#organization\"},\"image\":{\"@id\":\"https:\\\/\\\/www.youthforequality.sk\\\/index.php\\\/2025\\\/02\\\/13\\\/green-leaders-of-tomorrow\\\/#primaryimage\"},\"thumbnailUrl\":\"https:\\\/\\\/www.youthforequality.sk\\\/wp-content\\\/uploads\\\/2025\\\/02\\\/dpool01_A_vibrant_illustration_of_young_environmental_leaders_640e650f-f244-4be8-8a89-2e849e204bb7_0.png\",\"articleSection\":[\"Miestne projekty - pripravujeme\"],\"inLanguage\":\"sk-SK\"},{\"@type\":\"WebPage\",\"@id\":\"https:\\\/\\\/www.youthforequality.sk\\\/index.php\\\/2025\\\/02\\\/13\\\/green-leaders-of-tomorrow\\\/\",\"url\":\"https:\\\/\\\/www.youthforequality.sk\\\/index.php\\\/2025\\\/02\\\/13\\\/green-leaders-of-tomorrow\\\/\",\"name\":\"Green Leaders of Tomorrow |\",\"isPartOf\":{\"@id\":\"https:\\\/\\\/www.youthforequality.sk\\\/#website\"},\"primaryImageOfPage\":{\"@id\":\"https:\\\/\\\/www.youthforequality.sk\\\/index.php\\\/2025\\\/02\\\/13\\\/green-leaders-of-tomorrow\\\/#primaryimage\"},\"image\":{\"@id\":\"https:\\\/\\\/www.youthforequality.sk\\\/index.php\\\/2025\\\/02\\\/13\\\/green-leaders-of-tomorrow\\\/#primaryimage\"},\"thumbnailUrl\":\"https:\\\/\\\/www.youthforequality.sk\\\/wp-content\\\/uploads\\\/2025\\\/02\\\/dpool01_A_vibrant_illustration_of_young_environmental_leaders_640e650f-f244-4be8-8a89-2e849e204bb7_0.png\",\"datePublished\":\"2025-02-13T13:07:30+00:00\",\"dateModified\":\"2025-11-04T11:37:03+00:00\",\"breadcrumb\":{\"@id\":\"https:\\\/\\\/www.youthforequality.sk\\\/index.php\\\/2025\\\/02\\\/13\\\/green-leaders-of-tomorrow\\\/#breadcrumb\"},\"inLanguage\":\"sk-SK\",\"potentialAction\":[{\"@type\":\"ReadAction\",\"target\":[\"https:\\\/\\\/www.youthforequality.sk\\\/index.php\\\/2025\\\/02\\\/13\\\/green-leaders-of-tomorrow\\\/\"]}]},{\"@type\":\"ImageObject\",\"inLanguage\":\"sk-SK\",\"@id\":\"https:\\\/\\\/www.youthforequality.sk\\\/index.php\\\/2025\\\/02\\\/13\\\/green-leaders-of-tomorrow\\\/#primaryimage\",\"url\":\"https:\\\/\\\/www.youthforequality.sk\\\/wp-content\\\/uploads\\\/2025\\\/02\\\/dpool01_A_vibrant_illustration_of_young_environmental_leaders_640e650f-f244-4be8-8a89-2e849e204bb7_0.png\",\"contentUrl\":\"https:\\\/\\\/www.youthforequality.sk\\\/wp-content\\\/uploads\\\/2025\\\/02\\\/dpool01_A_vibrant_illustration_of_young_environmental_leaders_640e650f-f244-4be8-8a89-2e849e204bb7_0.png\",\"width\":1024,\"height\":1024},{\"@type\":\"BreadcrumbList\",\"@id\":\"https:\\\/\\\/www.youthforequality.sk\\\/index.php\\\/2025\\\/02\\\/13\\\/green-leaders-of-tomorrow\\\/#breadcrumb\",\"itemListElement\":[{\"@type\":\"ListItem\",\"position\":1,\"name\":\"Home\",\"item\":\"https:\\\/\\\/www.youthforequality.sk\\\/\"},{\"@type\":\"ListItem\",\"position\":2,\"name\":\"Green Leaders of Tomorrow\"}]},{\"@type\":\"WebSite\",\"@id\":\"https:\\\/\\\/www.youthforequality.sk\\\/#website\",\"url\":\"https:\\\/\\\/www.youthforequality.sk\\\/\",\"name\":\"\",\"description\":\"\",\"publisher\":{\"@id\":\"https:\\\/\\\/www.youthforequality.sk\\\/#organization\"},\"potentialAction\":[{\"@type\":\"SearchAction\",\"target\":{\"@type\":\"EntryPoint\",\"urlTemplate\":\"https:\\\/\\\/www.youthforequality.sk\\\/?s={search_term_string}\"},\"query-input\":{\"@type\":\"PropertyValueSpecification\",\"valueRequired\":true,\"valueName\":\"search_term_string\"}}],\"inLanguage\":\"sk-SK\"},{\"@type\":\"Organization\",\"@id\":\"https:\\\/\\\/www.youthforequality.sk\\\/#organization\",\"name\":\"Youth for Equality\",\"url\":\"https:\\\/\\\/www.youthforequality.sk\\\/\",\"logo\":{\"@type\":\"ImageObject\",\"inLanguage\":\"sk-SK\",\"@id\":\"https:\\\/\\\/www.youthforequality.sk\\\/#\\\/schema\\\/logo\\\/image\\\/\",\"url\":\"https:\\\/\\\/www.youthforequality.sk\\\/wp-content\\\/uploads\\\/2021\\\/01\\\/vynovene-logo-nove-farby_modra-na-web.png\",\"contentUrl\":\"https:\\\/\\\/www.youthforequality.sk\\\/wp-content\\\/uploads\\\/2021\\\/01\\\/vynovene-logo-nove-farby_modra-na-web.png\",\"width\":1,\"height\":1,\"caption\":\"Youth for Equality\"},\"image\":{\"@id\":\"https:\\\/\\\/www.youthforequality.sk\\\/#\\\/schema\\\/logo\\\/image\\\/\"},\"sameAs\":[\"https:\\\/\\\/www.facebook.com\\\/yeslovakia\"]},{\"@type\":\"Person\",\"@id\":\"https:\\\/\\\/www.youthforequality.sk\\\/#\\\/schema\\\/person\\\/be8fe75a4ed9c28400bc99a029218b24\",\"name\":\"Diana Ja\u0161ekov\u00e1\",\"image\":{\"@type\":\"ImageObject\",\"inLanguage\":\"sk-SK\",\"@id\":\"https:\\\/\\\/secure.gravatar.com\\\/avatar\\\/8c7454049523c9673804cf321f89b38fd4fcd5aa5ad8961f32caaf292dfd996f?s=96&d=mm&r=g\",\"url\":\"https:\\\/\\\/secure.gravatar.com\\\/avatar\\\/8c7454049523c9673804cf321f89b38fd4fcd5aa5ad8961f32caaf292dfd996f?s=96&d=mm&r=g\",\"contentUrl\":\"https:\\\/\\\/secure.gravatar.com\\\/avatar\\\/8c7454049523c9673804cf321f89b38fd4fcd5aa5ad8961f32caaf292dfd996f?s=96&d=mm&r=g\",\"caption\":\"Diana Ja\u0161ekov\u00e1\"},\"url\":\"https:\\\/\\\/www.youthforequality.sk\\\/index.php\\\/author\\\/diajas\\\/\"}]}<\/script>\n<!-- \/ Yoast SEO plugin. -->","yoast_head_json":{"title":"Green Leaders of Tomorrow |","robots":{"index":"index","follow":"follow","max-snippet":"max-snippet:-1","max-image-preview":"max-image-preview:large","max-video-preview":"max-video-preview:-1"},"canonical":"https:\/\/www.youthforequality.sk\/index.php\/2025\/02\/13\/green-leaders-of-tomorrow\/","og_locale":"sk_SK","og_type":"article","og_title":"Green Leaders of Tomorrow |","og_description":"Mlad\u00ed l\u00eddri pre zelen\u00fa bud\u00facnos\u0165 Green Leaders of Tomorrow je iniciat\u00edva organiz\u00e1cie Youth for Equality, ktor\u00e1 pom\u00e1ha mlad\u00fdm \u013eu\u010fom sta\u0165 sa akt\u00edvnymi l\u00eddrami v oblasti klimatickej a environment\u00e1lnej spravodlivosti.Projekt je podporen\u00fd v r\u00e1mci programu Youth Climate Justice Fund (YCJF) a sp\u00e1ja vzdel\u00e1vanie, prax a komunitn\u00fa akciu, aby mlad\u00ed \u013eudia mohli re\u00e1lne prispie\u0165 k pozit\u00edvnym zmen\u00e1m&hellip;&nbsp;\u010c\u00edta\u0165 viac &raquo;Green Leaders of Tomorrow","og_url":"https:\/\/www.youthforequality.sk\/index.php\/2025\/02\/13\/green-leaders-of-tomorrow\/","article_publisher":"https:\/\/www.facebook.com\/yeslovakia","article_published_time":"2025-02-13T13:07:30+00:00","article_modified_time":"2025-11-04T11:37:03+00:00","og_image":[{"width":1024,"height":1024,"url":"https:\/\/www.youthforequality.sk\/wp-content\/uploads\/2025\/02\/dpool01_A_vibrant_illustration_of_young_environmental_leaders_640e650f-f244-4be8-8a89-2e849e204bb7_0.png","type":"image\/png"}],"author":"Diana Ja\u0161ekov\u00e1","twitter_card":"summary_large_image","twitter_misc":{"Autor":"Diana Ja\u0161ekov\u00e1","Predpokladan\u00fd \u010das \u010d\u00edtania":"3 min\u00faty"},"schema":{"@context":"https:\/\/schema.org","@graph":[{"@type":"Article","@id":"https:\/\/www.youthforequality.sk\/index.php\/2025\/02\/13\/green-leaders-of-tomorrow\/#article","isPartOf":{"@id":"https:\/\/www.youthforequality.sk\/index.php\/2025\/02\/13\/green-leaders-of-tomorrow\/"},"author":{"name":"Diana Ja\u0161ekov\u00e1","@id":"https:\/\/www.youthforequality.sk\/#\/schema\/person\/be8fe75a4ed9c28400bc99a029218b24"},"headline":"Green Leaders of Tomorrow","datePublished":"2025-02-13T13:07:30+00:00","dateModified":"2025-11-04T11:37:03+00:00","mainEntityOfPage":{"@id":"https:\/\/www.youthforequality.sk\/index.php\/2025\/02\/13\/green-leaders-of-tomorrow\/"},"wordCount":549,"publisher":{"@id":"https:\/\/www.youthforequality.sk\/#organization"},"image":{"@id":"https:\/\/www.youthforequality.sk\/index.php\/2025\/02\/13\/green-leaders-of-tomorrow\/#primaryimage"},"thumbnailUrl":"https:\/\/www.youthforequality.sk\/wp-content\/uploads\/2025\/02\/dpool01_A_vibrant_illustration_of_young_environmental_leaders_640e650f-f244-4be8-8a89-2e849e204bb7_0.png","articleSection":["Miestne projekty - pripravujeme"],"inLanguage":"sk-SK"},{"@type":"WebPage","@id":"https:\/\/www.youthforequality.sk\/index.php\/2025\/02\/13\/green-leaders-of-tomorrow\/","url":"https:\/\/www.youthforequality.sk\/index.php\/2025\/02\/13\/green-leaders-of-tomorrow\/","name":"Green Leaders of Tomorrow |","isPartOf":{"@id":"https:\/\/www.youthforequality.sk\/#website"},"primaryImageOfPage":{"@id":"https:\/\/www.youthforequality.sk\/index.php\/2025\/02\/13\/green-leaders-of-tomorrow\/#primaryimage"},"image":{"@id":"https:\/\/www.youthforequality.sk\/index.php\/2025\/02\/13\/green-leaders-of-tomorrow\/#primaryimage"},"thumbnailUrl":"https:\/\/www.youthforequality.sk\/wp-content\/uploads\/2025\/02\/dpool01_A_vibrant_illustration_of_young_environmental_leaders_640e650f-f244-4be8-8a89-2e849e204bb7_0.png","datePublished":"2025-02-13T13:07:30+00:00","dateModified":"2025-11-04T11:37:03+00:00","breadcrumb":{"@id":"https:\/\/www.youthforequality.sk\/index.php\/2025\/02\/13\/green-leaders-of-tomorrow\/#breadcrumb"},"inLanguage":"sk-SK","potentialAction":[{"@type":"ReadAction","target":["https:\/\/www.youthforequality.sk\/index.php\/2025\/02\/13\/green-leaders-of-tomorrow\/"]}]},{"@type":"ImageObject","inLanguage":"sk-SK","@id":"https:\/\/www.youthforequality.sk\/index.php\/2025\/02\/13\/green-leaders-of-tomorrow\/#primaryimage","url":"https:\/\/www.youthforequality.sk\/wp-content\/uploads\/2025\/02\/dpool01_A_vibrant_illustration_of_young_environmental_leaders_640e650f-f244-4be8-8a89-2e849e204bb7_0.png","contentUrl":"https:\/\/www.youthforequality.sk\/wp-content\/uploads\/2025\/02\/dpool01_A_vibrant_illustration_of_young_environmental_leaders_640e650f-f244-4be8-8a89-2e849e204bb7_0.png","width":1024,"height":1024},{"@type":"BreadcrumbList","@id":"https:\/\/www.youthforequality.sk\/index.php\/2025\/02\/13\/green-leaders-of-tomorrow\/#breadcrumb","itemListElement":[{"@type":"ListItem","position":1,"name":"Home","item":"https:\/\/www.youthforequality.sk\/"},{"@type":"ListItem","position":2,"name":"Green Leaders of Tomorrow"}]},{"@type":"WebSite","@id":"https:\/\/www.youthforequality.sk\/#website","url":"https:\/\/www.youthforequality.sk\/","name":"","description":"","publisher":{"@id":"https:\/\/www.youthforequality.sk\/#organization"},"potentialAction":[{"@type":"SearchAction","target":{"@type":"EntryPoint","urlTemplate":"https:\/\/www.youthforequality.sk\/?s={search_term_string}"},"query-input":{"@type":"PropertyValueSpecification","valueRequired":true,"valueName":"search_term_string"}}],"inLanguage":"sk-SK"},{"@type":"Organization","@id":"https:\/\/www.youthforequality.sk\/#organization","name":"Youth for Equality","url":"https:\/\/www.youthforequality.sk\/","logo":{"@type":"ImageObject","inLanguage":"sk-SK","@id":"https:\/\/www.youthforequality.sk\/#\/schema\/logo\/image\/","url":"https:\/\/www.youthforequality.sk\/wp-content\/uploads\/2021\/01\/vynovene-logo-nove-farby_modra-na-web.png","contentUrl":"https:\/\/www.youthforequality.sk\/wp-content\/uploads\/2021\/01\/vynovene-logo-nove-farby_modra-na-web.png","width":1,"height":1,"caption":"Youth for Equality"},"image":{"@id":"https:\/\/www.youthforequality.sk\/#\/schema\/logo\/image\/"},"sameAs":["https:\/\/www.facebook.com\/yeslovakia"]},{"@type":"Person","@id":"https:\/\/www.youthforequality.sk\/#\/schema\/person\/be8fe75a4ed9c28400bc99a029218b24","name":"Diana Ja\u0161ekov\u00e1","image":{"@type":"ImageObject","inLanguage":"sk-SK","@id":"https:\/\/secure.gravatar.com\/avatar\/8c7454049523c9673804cf321f89b38fd4fcd5aa5ad8961f32caaf292dfd996f?s=96&d=mm&r=g","url":"https:\/\/secure.gravatar.com\/avatar\/8c7454049523c9673804cf321f89b38fd4fcd5aa5ad8961f32caaf292dfd996f?s=96&d=mm&r=g","contentUrl":"https:\/\/secure.gravatar.com\/avatar\/8c7454049523c9673804cf321f89b38fd4fcd5aa5ad8961f32caaf292dfd996f?s=96&d=mm&r=g","caption":"Diana Ja\u0161ekov\u00e1"},"url":"https:\/\/www.youthforequality.sk\/index.php\/author\/diajas\/"}]}},"_links":{"self":[{"href":"https:\/\/www.youthforequality.sk\/index.php\/wp-json\/wp\/v2\/posts\/8793","targetHints":{"allow":["GET"]}}],"collection":[{"href":"https:\/\/www.youthforequality.sk\/index.php\/wp-json\/wp\/v2\/posts"}],"about":[{"href":"https:\/\/www.youthforequality.sk\/index.php\/wp-json\/wp\/v2\/types\/post"}],"author":[{"embeddable":true,"href":"https:\/\/www.youthforequality.sk\/index.php\/wp-json\/wp\/v2\/users\/2"}],"replies":[{"embeddable":true,"href":"https:\/\/www.youthforequality.sk\/index.php\/wp-json\/wp\/v2\/comments?post=8793"}],"version-history":[{"count":25,"href":"https:\/\/www.youthforequality.sk\/index.php\/wp-json\/wp\/v2\/posts\/8793\/revisions"}],"predecessor-version":[{"id":9997,"href":"https:\/\/www.youthforequality.sk\/index.php\/wp-json\/wp\/v2\/posts\/8793\/revisions\/9997"}],"wp:featuredmedia":[{"embeddable":true,"href":"https:\/\/www.youthforequality.sk\/index.php\/wp-json\/wp\/v2\/media\/8805"}],"wp:attachment":[{"href":"https:\/\/www.youthforequality.sk\/index.php\/wp-json\/wp\/v2\/media?parent=8793"}],"wp:term":[{"taxonomy":"category","embeddable":true,"href":"https:\/\/www.youthforequality.sk\/index.php\/wp-json\/wp\/v2\/categories?post=8793"},{"taxonomy":"post_tag","embeddable":true,"href":"https:\/\/www.youthforequality.sk\/index.php\/wp-json\/wp\/v2\/tags?post=8793"}],"curies":[{"name":"wp","href":"https:\/\/api.w.org\/{rel}","templated":true}]}}