{"id":8885,"date":"2025-03-11T16:45:15","date_gmt":"2025-03-11T15:45:15","guid":{"rendered":"https:\/\/www.youthforequality.sk\/?p=8885"},"modified":"2025-03-11T16:49:08","modified_gmt":"2025-03-11T15:49:08","slug":"empowering-the-future-raising-awareness-for-childrens-rights-through-erasmus","status":"publish","type":"post","link":"https:\/\/www.youthforequality.sk\/index.php\/2025\/03\/11\/empowering-the-future-raising-awareness-for-childrens-rights-through-erasmus\/","title":{"rendered":"Empowering the Future: Raising Awareness for Children&#8217;s Rights Through Erasmus+"},"content":{"rendered":"\t\t<div data-elementor-type=\"wp-post\" data-elementor-id=\"8885\" class=\"elementor elementor-8885\">\n\t\t\t\t\t\t<section class=\"elementor-section elementor-top-section elementor-element elementor-element-2a9e590a elementor-section-boxed elementor-section-height-default elementor-section-height-default\" data-id=\"2a9e590a\" data-element_type=\"section\" data-e-type=\"section\">\n\t\t\t\t\t\t<div class=\"elementor-container elementor-column-gap-default\">\n\t\t\t\t\t<div class=\"elementor-column elementor-col-100 elementor-top-column elementor-element elementor-element-7c002695\" data-id=\"7c002695\" data-element_type=\"column\" data-e-type=\"column\">\n\t\t\t<div class=\"elementor-widget-wrap elementor-element-populated\">\n\t\t\t\t\t\t<div class=\"elementor-element elementor-element-10c17e82 elementor-widget elementor-widget-text-editor\" data-id=\"10c17e82\" data-element_type=\"widget\" data-e-type=\"widget\" data-widget_type=\"text-editor.default\">\n\t\t\t\t<div class=\"elementor-widget-container\">\n\t\t\t\t\t\t\t\t\t<p>\ud83c\udf1f Empowering the Future: Raising Awareness for Children&#8217;s Rights Through Erasmus+ \ud83c\udf0d\u2728<br \/>\ud83d\udcd6 Check out the BOOKLET in English!<br \/>In October 2024, Antalya became the hub of change as it hosted the Erasmus+ Youth Exchange project, &#8222;Right is a Need, Let the Kids Enjoy It!&#8220; \ud83c\udf88 This impactful initiative, funded by the Turkish National Agency and the European Commission, brought together:<br \/>\ud83d\udc65 30 participants<\/p><p>\ud83c\udf0d 6 leaders from Slovakia, Italy, Spain, Belgium, and Romania<br \/>The focus? \ud83d\udc49 Human rights, children&#8217;s rights, and combating child abuse. \ud83d\udcaa<\/p><p>\ud83c\udfaf Key Highlights of the Project:<br \/>\ud83d\udee0\ufe0f Workshops &amp; Discussions: Tackling child labor, abuse, and the importance of education and safety.<br \/>\ud83c\udf0f Culture Nights: Strengthening unity through cultural exchange.<br \/>\ud83c\udfae Interactive Tools: Fun and engaging games like Pilla Pilla and Complimental to teach children about their rights.<br \/>\ud83d\udcf1 Social Media Campaigns: Creative content to spread awareness far and wide.<br \/>\ud83d\udca1 Why Children\u2019s Rights Matter:<br \/>The project emphasized the UN Convention on the Rights of the Child (1989), which guarantees:<br \/>\u2714\ufe0f The right to life<\/p><p>\u2714\ufe0f The right to health<\/p><p>\u2714\ufe0f The right to education<\/p><p>\u2714\ufe0f The right to protection<br \/>Yet, challenges like child abuse, labor, and crime persist. This is why advocacy remains critical. \ud83d\udee1\ufe0f<\/p><p>\ud83d\udce3 Strategies to Raise Awareness:<br \/>\ud83c\udf93 Education: Schools, families, and teachers play a vital role in teaching children about their rights.<br \/>\ud83d\udcfa Media: Social media campaigns, documentaries, and podcasts can amplify the message.<br \/>\u2696\ufe0f Legal Support: Providing consultancy to empower families and children to stand up for their rights.<br \/>\ud83e\udd1d Corporate Responsibility: Businesses can support social campaigns and create safe spaces for children.<br \/>\ud83c\udf10 International Collaboration: Partnering with organizations like UNICEF and Erasmus+ to amplify efforts.<br \/>\ud83d\udcac A Call to Action:<br \/>This project is a powerful reminder of the importance of protecting children\u2019s rights. Let\u2019s continue to work together through education, collaboration, and innovative approaches to ensure every child has the right to thrive. \ud83c\udf1f<br \/>\ud83c\udf0d Together, we can create a safer, more equitable world for children. \ud83d\udc99<\/p>\t\t\t\t\t\t\t\t<\/div>\n\t\t\t\t<\/div>\n\t\t\t\t\t<\/div>\n\t\t<\/div>\n\t\t\t\t\t<\/div>\n\t\t<\/section>\n\t\t\t\t<section class=\"elementor-section elementor-top-section elementor-element elementor-element-d6541a6 elementor-section-boxed elementor-section-height-default elementor-section-height-default\" data-id=\"d6541a6\" data-element_type=\"section\" data-e-type=\"section\">\n\t\t\t\t\t\t<div class=\"elementor-container elementor-column-gap-default\">\n\t\t\t\t\t<div class=\"elementor-column elementor-col-100 elementor-top-column elementor-element elementor-element-03495b0\" data-id=\"03495b0\" data-element_type=\"column\" data-e-type=\"column\">\n\t\t\t<div class=\"elementor-widget-wrap elementor-element-populated\">\n\t\t\t\t\t\t<div class=\"elementor-element elementor-element-7356e0b elementor-widget elementor-widget-pdfjs_viewer\" data-id=\"7356e0b\" data-element_type=\"widget\" data-e-type=\"widget\" data-widget_type=\"pdfjs_viewer.default\">\n\t\t\t\t<div class=\"elementor-widget-container\">\n\t\t\t\t\t<iframe src=\"https:\/\/www.youthforequality.sk\/wp-content\/plugins\/pdf-viewer-for-elementor\/assets\/pdfjs\/web\/viewer.html?file=https:\/\/www.youthforequality.sk\/wp-content\/uploads\/2025\/03\/1741615207665.pdf&amp;embedded=true\" style=\"display: block; margin-left: auto; margin-right: auto; width: 640px; height: 1020px;\" frameborder=\"1\" marginheight=\"0px\" marginwidth=\"0px\" allowfullscreen><\/iframe>\t\t\t\t<\/div>\n\t\t\t\t<\/div>\n\t\t\t\t\t<\/div>\n\t\t<\/div>\n\t\t\t\t\t<\/div>\n\t\t<\/section>\n\t\t\t\t<\/div>\n\t\t","protected":false},"excerpt":{"rendered":"<p>\ud83c\udf1f Empowering the Future: Raising Awareness for Children&#8217;s Rights Through Erasmus+ \ud83c\udf0d\u2728 \ud83d\udcd6 Check out the BOOKLET in English! In October 2024, Antalya became the hub of change as it hosted the Erasmus+ Youth Exchange project, &#8222;Right is a Need, Let the Kids Enjoy It!&#8220; \ud83c\udf88 This impactful initiative, funded by the Turkish National Agency&hellip;&nbsp;<a href=\"https:\/\/www.youthforequality.sk\/index.php\/2025\/03\/11\/empowering-the-future-raising-awareness-for-childrens-rights-through-erasmus\/\" class=\"\" rel=\"bookmark\">\u010c\u00edta\u0165 viac &raquo;<span class=\"screen-reader-text\">Empowering the Future: Raising Awareness for Children&#8217;s Rights Through Erasmus+<\/span><\/a><\/p>\n","protected":false},"author":7,"featured_media":0,"comment_status":"closed","ping_status":"open","sticky":false,"template":"","format":"standard","meta":{"_uf_show_specific_survey":0,"_uf_disable_surveys":false,"neve_meta_sidebar":"","neve_meta_container":"","neve_meta_enable_content_width":"off","neve_meta_content_width":70,"neve_meta_title_alignment":"","neve_meta_author_avatar":"","neve_post_elements_order":"","neve_meta_disable_header":"","neve_meta_disable_footer":"","neve_meta_disable_title":"","_themeisle_gutenberg_block_has_review":false,"footnotes":""},"categories":[3,1],"tags":[],"class_list":["post-8885","post","type-post","status-publish","format-standard","hentry","category-blog","category-uncategorized"],"yoast_head":"<!-- This site is optimized with the Yoast SEO plugin v27.4 - https:\/\/yoast.com\/product\/yoast-seo-wordpress\/ -->\n<title>Empowering the Future: Raising Awareness for Children&#039;s Rights Through Erasmus+ |<\/title>\n<meta name=\"robots\" content=\"index, follow, max-snippet:-1, max-image-preview:large, max-video-preview:-1\" \/>\n<link rel=\"canonical\" href=\"https:\/\/www.youthforequality.sk\/index.php\/2025\/03\/11\/empowering-the-future-raising-awareness-for-childrens-rights-through-erasmus\/\" \/>\n<meta property=\"og:locale\" content=\"sk_SK\" \/>\n<meta property=\"og:type\" content=\"article\" \/>\n<meta property=\"og:title\" content=\"Empowering the Future: Raising Awareness for Children&#039;s Rights Through Erasmus+ |\" \/>\n<meta property=\"og:description\" content=\"\ud83c\udf1f Empowering the Future: Raising Awareness for Children&#8217;s Rights Through Erasmus+ \ud83c\udf0d\u2728 \ud83d\udcd6 Check out the BOOKLET in English! In October 2024, Antalya became the hub of change as it hosted the Erasmus+ Youth Exchange project, &#8222;Right is a Need, Let the Kids Enjoy It!&#8220; \ud83c\udf88 This impactful initiative, funded by the Turkish National Agency&hellip;&nbsp;\u010c\u00edta\u0165 viac &raquo;Empowering the Future: Raising Awareness for Children&#8217;s Rights Through Erasmus+\" \/>\n<meta property=\"og:url\" content=\"https:\/\/www.youthforequality.sk\/index.php\/2025\/03\/11\/empowering-the-future-raising-awareness-for-childrens-rights-through-erasmus\/\" \/>\n<meta property=\"article:publisher\" content=\"https:\/\/www.facebook.com\/yeslovakia\" \/>\n<meta property=\"article:published_time\" content=\"2025-03-11T15:45:15+00:00\" \/>\n<meta property=\"article:modified_time\" content=\"2025-03-11T15:49:08+00:00\" \/>\n<meta name=\"author\" content=\"Silvia Jasenecova\" \/>\n<meta name=\"twitter:card\" content=\"summary_large_image\" \/>\n<meta name=\"twitter:label1\" content=\"Autor\" \/>\n\t<meta name=\"twitter:data1\" content=\"Silvia Jasenecova\" \/>\n\t<meta name=\"twitter:label2\" content=\"Predpokladan\u00fd \u010das \u010d\u00edtania\" \/>\n\t<meta name=\"twitter:data2\" content=\"2 min\u00faty\" \/>\n<script type=\"application\/ld+json\" class=\"yoast-schema-graph\">{\"@context\":\"https:\\\/\\\/schema.org\",\"@graph\":[{\"@type\":\"Article\",\"@id\":\"https:\\\/\\\/www.youthforequality.sk\\\/index.php\\\/2025\\\/03\\\/11\\\/empowering-the-future-raising-awareness-for-childrens-rights-through-erasmus\\\/#article\",\"isPartOf\":{\"@id\":\"https:\\\/\\\/www.youthforequality.sk\\\/index.php\\\/2025\\\/03\\\/11\\\/empowering-the-future-raising-awareness-for-childrens-rights-through-erasmus\\\/\"},\"author\":{\"name\":\"Silvia Jasenecova\",\"@id\":\"https:\\\/\\\/www.youthforequality.sk\\\/#\\\/schema\\\/person\\\/d342f25e638d824527d3b78bbfb97324\"},\"headline\":\"Empowering the Future: Raising Awareness for Children&#8217;s Rights Through Erasmus+\",\"datePublished\":\"2025-03-11T15:45:15+00:00\",\"dateModified\":\"2025-03-11T15:49:08+00:00\",\"mainEntityOfPage\":{\"@id\":\"https:\\\/\\\/www.youthforequality.sk\\\/index.php\\\/2025\\\/03\\\/11\\\/empowering-the-future-raising-awareness-for-childrens-rights-through-erasmus\\\/\"},\"wordCount\":312,\"publisher\":{\"@id\":\"https:\\\/\\\/www.youthforequality.sk\\\/#organization\"},\"articleSection\":[\"Blog\",\"Uncategorized\"],\"inLanguage\":\"sk-SK\"},{\"@type\":\"WebPage\",\"@id\":\"https:\\\/\\\/www.youthforequality.sk\\\/index.php\\\/2025\\\/03\\\/11\\\/empowering-the-future-raising-awareness-for-childrens-rights-through-erasmus\\\/\",\"url\":\"https:\\\/\\\/www.youthforequality.sk\\\/index.php\\\/2025\\\/03\\\/11\\\/empowering-the-future-raising-awareness-for-childrens-rights-through-erasmus\\\/\",\"name\":\"Empowering the Future: Raising Awareness for Children's Rights Through Erasmus+ |\",\"isPartOf\":{\"@id\":\"https:\\\/\\\/www.youthforequality.sk\\\/#website\"},\"datePublished\":\"2025-03-11T15:45:15+00:00\",\"dateModified\":\"2025-03-11T15:49:08+00:00\",\"breadcrumb\":{\"@id\":\"https:\\\/\\\/www.youthforequality.sk\\\/index.php\\\/2025\\\/03\\\/11\\\/empowering-the-future-raising-awareness-for-childrens-rights-through-erasmus\\\/#breadcrumb\"},\"inLanguage\":\"sk-SK\",\"potentialAction\":[{\"@type\":\"ReadAction\",\"target\":[\"https:\\\/\\\/www.youthforequality.sk\\\/index.php\\\/2025\\\/03\\\/11\\\/empowering-the-future-raising-awareness-for-childrens-rights-through-erasmus\\\/\"]}]},{\"@type\":\"BreadcrumbList\",\"@id\":\"https:\\\/\\\/www.youthforequality.sk\\\/index.php\\\/2025\\\/03\\\/11\\\/empowering-the-future-raising-awareness-for-childrens-rights-through-erasmus\\\/#breadcrumb\",\"itemListElement\":[{\"@type\":\"ListItem\",\"position\":1,\"name\":\"Home\",\"item\":\"https:\\\/\\\/www.youthforequality.sk\\\/\"},{\"@type\":\"ListItem\",\"position\":2,\"name\":\"Empowering the Future: Raising Awareness for Children&#8217;s Rights Through Erasmus+\"}]},{\"@type\":\"WebSite\",\"@id\":\"https:\\\/\\\/www.youthforequality.sk\\\/#website\",\"url\":\"https:\\\/\\\/www.youthforequality.sk\\\/\",\"name\":\"\",\"description\":\"\",\"publisher\":{\"@id\":\"https:\\\/\\\/www.youthforequality.sk\\\/#organization\"},\"potentialAction\":[{\"@type\":\"SearchAction\",\"target\":{\"@type\":\"EntryPoint\",\"urlTemplate\":\"https:\\\/\\\/www.youthforequality.sk\\\/?s={search_term_string}\"},\"query-input\":{\"@type\":\"PropertyValueSpecification\",\"valueRequired\":true,\"valueName\":\"search_term_string\"}}],\"inLanguage\":\"sk-SK\"},{\"@type\":\"Organization\",\"@id\":\"https:\\\/\\\/www.youthforequality.sk\\\/#organization\",\"name\":\"Youth for Equality\",\"url\":\"https:\\\/\\\/www.youthforequality.sk\\\/\",\"logo\":{\"@type\":\"ImageObject\",\"inLanguage\":\"sk-SK\",\"@id\":\"https:\\\/\\\/www.youthforequality.sk\\\/#\\\/schema\\\/logo\\\/image\\\/\",\"url\":\"https:\\\/\\\/www.youthforequality.sk\\\/wp-content\\\/uploads\\\/2021\\\/01\\\/vynovene-logo-nove-farby_modra-na-web.png\",\"contentUrl\":\"https:\\\/\\\/www.youthforequality.sk\\\/wp-content\\\/uploads\\\/2021\\\/01\\\/vynovene-logo-nove-farby_modra-na-web.png\",\"width\":1,\"height\":1,\"caption\":\"Youth for Equality\"},\"image\":{\"@id\":\"https:\\\/\\\/www.youthforequality.sk\\\/#\\\/schema\\\/logo\\\/image\\\/\"},\"sameAs\":[\"https:\\\/\\\/www.facebook.com\\\/yeslovakia\"]},{\"@type\":\"Person\",\"@id\":\"https:\\\/\\\/www.youthforequality.sk\\\/#\\\/schema\\\/person\\\/d342f25e638d824527d3b78bbfb97324\",\"name\":\"Silvia Jasenecova\",\"image\":{\"@type\":\"ImageObject\",\"inLanguage\":\"sk-SK\",\"@id\":\"https:\\\/\\\/secure.gravatar.com\\\/avatar\\\/43a8960df19336b9cc573e7be97a8f9c2f855c68a8e7248718d7ba5b039477bb?s=96&d=mm&r=g\",\"url\":\"https:\\\/\\\/secure.gravatar.com\\\/avatar\\\/43a8960df19336b9cc573e7be97a8f9c2f855c68a8e7248718d7ba5b039477bb?s=96&d=mm&r=g\",\"contentUrl\":\"https:\\\/\\\/secure.gravatar.com\\\/avatar\\\/43a8960df19336b9cc573e7be97a8f9c2f855c68a8e7248718d7ba5b039477bb?s=96&d=mm&r=g\",\"caption\":\"Silvia Jasenecova\"},\"url\":\"https:\\\/\\\/www.youthforequality.sk\\\/index.php\\\/author\\\/natalier\\\/\"}]}<\/script>\n<!-- \/ Yoast SEO plugin. -->","yoast_head_json":{"title":"Empowering the Future: Raising Awareness for Children's Rights Through Erasmus+ |","robots":{"index":"index","follow":"follow","max-snippet":"max-snippet:-1","max-image-preview":"max-image-preview:large","max-video-preview":"max-video-preview:-1"},"canonical":"https:\/\/www.youthforequality.sk\/index.php\/2025\/03\/11\/empowering-the-future-raising-awareness-for-childrens-rights-through-erasmus\/","og_locale":"sk_SK","og_type":"article","og_title":"Empowering the Future: Raising Awareness for Children's Rights Through Erasmus+ |","og_description":"\ud83c\udf1f Empowering the Future: Raising Awareness for Children&#8217;s Rights Through Erasmus+ \ud83c\udf0d\u2728 \ud83d\udcd6 Check out the BOOKLET in English! In October 2024, Antalya became the hub of change as it hosted the Erasmus+ Youth Exchange project, &#8222;Right is a Need, Let the Kids Enjoy It!&#8220; \ud83c\udf88 This impactful initiative, funded by the Turkish National Agency&hellip;&nbsp;\u010c\u00edta\u0165 viac &raquo;Empowering the Future: Raising Awareness for Children&#8217;s Rights Through Erasmus+","og_url":"https:\/\/www.youthforequality.sk\/index.php\/2025\/03\/11\/empowering-the-future-raising-awareness-for-childrens-rights-through-erasmus\/","article_publisher":"https:\/\/www.facebook.com\/yeslovakia","article_published_time":"2025-03-11T15:45:15+00:00","article_modified_time":"2025-03-11T15:49:08+00:00","author":"Silvia Jasenecova","twitter_card":"summary_large_image","twitter_misc":{"Autor":"Silvia Jasenecova","Predpokladan\u00fd \u010das \u010d\u00edtania":"2 min\u00faty"},"schema":{"@context":"https:\/\/schema.org","@graph":[{"@type":"Article","@id":"https:\/\/www.youthforequality.sk\/index.php\/2025\/03\/11\/empowering-the-future-raising-awareness-for-childrens-rights-through-erasmus\/#article","isPartOf":{"@id":"https:\/\/www.youthforequality.sk\/index.php\/2025\/03\/11\/empowering-the-future-raising-awareness-for-childrens-rights-through-erasmus\/"},"author":{"name":"Silvia Jasenecova","@id":"https:\/\/www.youthforequality.sk\/#\/schema\/person\/d342f25e638d824527d3b78bbfb97324"},"headline":"Empowering the Future: Raising Awareness for Children&#8217;s Rights Through Erasmus+","datePublished":"2025-03-11T15:45:15+00:00","dateModified":"2025-03-11T15:49:08+00:00","mainEntityOfPage":{"@id":"https:\/\/www.youthforequality.sk\/index.php\/2025\/03\/11\/empowering-the-future-raising-awareness-for-childrens-rights-through-erasmus\/"},"wordCount":312,"publisher":{"@id":"https:\/\/www.youthforequality.sk\/#organization"},"articleSection":["Blog","Uncategorized"],"inLanguage":"sk-SK"},{"@type":"WebPage","@id":"https:\/\/www.youthforequality.sk\/index.php\/2025\/03\/11\/empowering-the-future-raising-awareness-for-childrens-rights-through-erasmus\/","url":"https:\/\/www.youthforequality.sk\/index.php\/2025\/03\/11\/empowering-the-future-raising-awareness-for-childrens-rights-through-erasmus\/","name":"Empowering the Future: Raising Awareness for Children's Rights Through Erasmus+ |","isPartOf":{"@id":"https:\/\/www.youthforequality.sk\/#website"},"datePublished":"2025-03-11T15:45:15+00:00","dateModified":"2025-03-11T15:49:08+00:00","breadcrumb":{"@id":"https:\/\/www.youthforequality.sk\/index.php\/2025\/03\/11\/empowering-the-future-raising-awareness-for-childrens-rights-through-erasmus\/#breadcrumb"},"inLanguage":"sk-SK","potentialAction":[{"@type":"ReadAction","target":["https:\/\/www.youthforequality.sk\/index.php\/2025\/03\/11\/empowering-the-future-raising-awareness-for-childrens-rights-through-erasmus\/"]}]},{"@type":"BreadcrumbList","@id":"https:\/\/www.youthforequality.sk\/index.php\/2025\/03\/11\/empowering-the-future-raising-awareness-for-childrens-rights-through-erasmus\/#breadcrumb","itemListElement":[{"@type":"ListItem","position":1,"name":"Home","item":"https:\/\/www.youthforequality.sk\/"},{"@type":"ListItem","position":2,"name":"Empowering the Future: Raising Awareness for Children&#8217;s Rights Through Erasmus+"}]},{"@type":"WebSite","@id":"https:\/\/www.youthforequality.sk\/#website","url":"https:\/\/www.youthforequality.sk\/","name":"","description":"","publisher":{"@id":"https:\/\/www.youthforequality.sk\/#organization"},"potentialAction":[{"@type":"SearchAction","target":{"@type":"EntryPoint","urlTemplate":"https:\/\/www.youthforequality.sk\/?s={search_term_string}"},"query-input":{"@type":"PropertyValueSpecification","valueRequired":true,"valueName":"search_term_string"}}],"inLanguage":"sk-SK"},{"@type":"Organization","@id":"https:\/\/www.youthforequality.sk\/#organization","name":"Youth for Equality","url":"https:\/\/www.youthforequality.sk\/","logo":{"@type":"ImageObject","inLanguage":"sk-SK","@id":"https:\/\/www.youthforequality.sk\/#\/schema\/logo\/image\/","url":"https:\/\/www.youthforequality.sk\/wp-content\/uploads\/2021\/01\/vynovene-logo-nove-farby_modra-na-web.png","contentUrl":"https:\/\/www.youthforequality.sk\/wp-content\/uploads\/2021\/01\/vynovene-logo-nove-farby_modra-na-web.png","width":1,"height":1,"caption":"Youth for Equality"},"image":{"@id":"https:\/\/www.youthforequality.sk\/#\/schema\/logo\/image\/"},"sameAs":["https:\/\/www.facebook.com\/yeslovakia"]},{"@type":"Person","@id":"https:\/\/www.youthforequality.sk\/#\/schema\/person\/d342f25e638d824527d3b78bbfb97324","name":"Silvia Jasenecova","image":{"@type":"ImageObject","inLanguage":"sk-SK","@id":"https:\/\/secure.gravatar.com\/avatar\/43a8960df19336b9cc573e7be97a8f9c2f855c68a8e7248718d7ba5b039477bb?s=96&d=mm&r=g","url":"https:\/\/secure.gravatar.com\/avatar\/43a8960df19336b9cc573e7be97a8f9c2f855c68a8e7248718d7ba5b039477bb?s=96&d=mm&r=g","contentUrl":"https:\/\/secure.gravatar.com\/avatar\/43a8960df19336b9cc573e7be97a8f9c2f855c68a8e7248718d7ba5b039477bb?s=96&d=mm&r=g","caption":"Silvia Jasenecova"},"url":"https:\/\/www.youthforequality.sk\/index.php\/author\/natalier\/"}]}},"_links":{"self":[{"href":"https:\/\/www.youthforequality.sk\/index.php\/wp-json\/wp\/v2\/posts\/8885","targetHints":{"allow":["GET"]}}],"collection":[{"href":"https:\/\/www.youthforequality.sk\/index.php\/wp-json\/wp\/v2\/posts"}],"about":[{"href":"https:\/\/www.youthforequality.sk\/index.php\/wp-json\/wp\/v2\/types\/post"}],"author":[{"embeddable":true,"href":"https:\/\/www.youthforequality.sk\/index.php\/wp-json\/wp\/v2\/users\/7"}],"replies":[{"embeddable":true,"href":"https:\/\/www.youthforequality.sk\/index.php\/wp-json\/wp\/v2\/comments?post=8885"}],"version-history":[{"count":7,"href":"https:\/\/www.youthforequality.sk\/index.php\/wp-json\/wp\/v2\/posts\/8885\/revisions"}],"predecessor-version":[{"id":8893,"href":"https:\/\/www.youthforequality.sk\/index.php\/wp-json\/wp\/v2\/posts\/8885\/revisions\/8893"}],"wp:attachment":[{"href":"https:\/\/www.youthforequality.sk\/index.php\/wp-json\/wp\/v2\/media?parent=8885"}],"wp:term":[{"taxonomy":"category","embeddable":true,"href":"https:\/\/www.youthforequality.sk\/index.php\/wp-json\/wp\/v2\/categories?post=8885"},{"taxonomy":"post_tag","embeddable":true,"href":"https:\/\/www.youthforequality.sk\/index.php\/wp-json\/wp\/v2\/tags?post=8885"}],"curies":[{"name":"wp","href":"https:\/\/api.w.org\/{rel}","templated":true}]}}