{"id":8988,"date":"2025-04-25T13:15:29","date_gmt":"2025-04-25T11:15:29","guid":{"rendered":"https:\/\/www.youthforequality.sk\/?p=8988"},"modified":"2025-04-25T13:29:23","modified_gmt":"2025-04-25T11:29:23","slug":"esc-welcome-yana","status":"publish","type":"post","link":"https:\/\/www.youthforequality.sk\/index.php\/2025\/04\/25\/esc-welcome-yana\/","title":{"rendered":"ESC: Welcome Yana!"},"content":{"rendered":"\t\t<div data-elementor-type=\"wp-post\" data-elementor-id=\"8988\" class=\"elementor elementor-8988\">\n\t\t\t\t\t\t<section class=\"elementor-section elementor-top-section elementor-element elementor-element-5ae10a60 elementor-section-boxed elementor-section-height-default elementor-section-height-default\" data-id=\"5ae10a60\" data-element_type=\"section\" data-e-type=\"section\">\n\t\t\t\t\t\t<div class=\"elementor-container elementor-column-gap-default\">\n\t\t\t\t\t<div class=\"elementor-column elementor-col-100 elementor-top-column elementor-element elementor-element-3b9f56b7\" data-id=\"3b9f56b7\" data-element_type=\"column\" data-e-type=\"column\">\n\t\t\t<div class=\"elementor-widget-wrap elementor-element-populated\">\n\t\t\t\t\t\t<div class=\"elementor-element elementor-element-3227e135 elementor-widget elementor-widget-text-editor\" data-id=\"3227e135\" data-element_type=\"widget\" data-e-type=\"widget\" data-widget_type=\"text-editor.default\">\n\t\t\t\t<div class=\"elementor-widget-container\">\n\t\t\t\t\t\t\t\t\t<p>Welcome to our family \ud83c\udf89<br \/>We are glad to have such an amazing person in our team.<br \/>________________________________<\/p><p>My name is Yana, I\u2019m 28 years old and originally from Ukraine. I studied Advertising, Public Relations and German at university, which sparked my passion for communication and cultural exchange. I have a strong love for learning foreign languages, taking long walks and discovering new places through travel.<\/p><p>As a volunteer with Youth for Equality, I\u2019m able to contribute to impactful social initiatives while growing both personally and professionally in a diverse, international environment. Volunteering gives me the chance to be part of something meaningful, support important causes and connect with people who share a vision of a more inclusive and compassionate society.<\/p>\t\t\t\t\t\t\t\t<\/div>\n\t\t\t\t<\/div>\n\t\t\t\t\t<\/div>\n\t\t<\/div>\n\t\t\t\t\t<\/div>\n\t\t<\/section>\n\t\t\t\t<\/div>\n\t\t","protected":false},"excerpt":{"rendered":"<p>Welcome to our family \ud83c\udf89We are glad to have such an amazing person in our team.________________________________ My name is Yana, I\u2019m 28 years old and originally from Ukraine. I studied Advertising, Public Relations and German at university, which sparked my passion for communication and cultural exchange. I have a strong love for learning foreign languages,&hellip;&nbsp;<a href=\"https:\/\/www.youthforequality.sk\/index.php\/2025\/04\/25\/esc-welcome-yana\/\" class=\"\" rel=\"bookmark\">\u010c\u00edta\u0165 viac &raquo;<span class=\"screen-reader-text\">ESC: Welcome Yana!<\/span><\/a><\/p>\n","protected":false},"author":13,"featured_media":8971,"comment_status":"closed","ping_status":"open","sticky":false,"template":"","format":"standard","meta":{"_uf_show_specific_survey":0,"_uf_disable_surveys":false,"neve_meta_sidebar":"","neve_meta_container":"","neve_meta_enable_content_width":"off","neve_meta_content_width":70,"neve_meta_title_alignment":"","neve_meta_author_avatar":"","neve_post_elements_order":"","neve_meta_disable_header":"","neve_meta_disable_footer":"","neve_meta_disable_title":"","_themeisle_gutenberg_block_has_review":false,"footnotes":""},"categories":[45],"tags":[],"class_list":["post-8988","post","type-post","status-publish","format-standard","has-post-thumbnail","hentry","category-individualne-dobrovolnictvo"],"yoast_head":"<!-- This site is optimized with the Yoast SEO plugin v27.4 - https:\/\/yoast.com\/product\/yoast-seo-wordpress\/ -->\n<title>ESC: Welcome Yana! |<\/title>\n<meta name=\"robots\" content=\"index, follow, max-snippet:-1, max-image-preview:large, max-video-preview:-1\" \/>\n<link rel=\"canonical\" href=\"https:\/\/www.youthforequality.sk\/index.php\/2025\/04\/25\/esc-welcome-yana\/\" \/>\n<meta property=\"og:locale\" content=\"sk_SK\" \/>\n<meta property=\"og:type\" content=\"article\" \/>\n<meta property=\"og:title\" content=\"ESC: Welcome Yana! |\" \/>\n<meta property=\"og:description\" content=\"Welcome to our family \ud83c\udf89We are glad to have such an amazing person in our team.________________________________ My name is Yana, I\u2019m 28 years old and originally from Ukraine. I studied Advertising, Public Relations and German at university, which sparked my passion for communication and cultural exchange. I have a strong love for learning foreign languages,&hellip;&nbsp;\u010c\u00edta\u0165 viac &raquo;ESC: Welcome Yana!\" \/>\n<meta property=\"og:url\" content=\"https:\/\/www.youthforequality.sk\/index.php\/2025\/04\/25\/esc-welcome-yana\/\" \/>\n<meta property=\"article:publisher\" content=\"https:\/\/www.facebook.com\/yeslovakia\" \/>\n<meta property=\"article:published_time\" content=\"2025-04-25T11:15:29+00:00\" \/>\n<meta property=\"article:modified_time\" content=\"2025-04-25T11:29:23+00:00\" \/>\n<meta property=\"og:image\" content=\"https:\/\/www.youthforequality.sk\/wp-content\/uploads\/2025\/04\/IMG_0315-scaled.jpg\" \/>\n\t<meta property=\"og:image:width\" content=\"1918\" \/>\n\t<meta property=\"og:image:height\" content=\"2560\" \/>\n\t<meta property=\"og:image:type\" content=\"image\/jpeg\" \/>\n<meta name=\"author\" content=\"Volunteers\" \/>\n<meta name=\"twitter:card\" content=\"summary_large_image\" \/>\n<meta name=\"twitter:label1\" content=\"Autor\" \/>\n\t<meta name=\"twitter:data1\" content=\"Volunteers\" \/>\n\t<meta name=\"twitter:label2\" content=\"Predpokladan\u00fd \u010das \u010d\u00edtania\" \/>\n\t<meta name=\"twitter:data2\" content=\"1 min\u00fata\" \/>\n<script type=\"application\/ld+json\" class=\"yoast-schema-graph\">{\"@context\":\"https:\\\/\\\/schema.org\",\"@graph\":[{\"@type\":\"Article\",\"@id\":\"https:\\\/\\\/www.youthforequality.sk\\\/index.php\\\/2025\\\/04\\\/25\\\/esc-welcome-yana\\\/#article\",\"isPartOf\":{\"@id\":\"https:\\\/\\\/www.youthforequality.sk\\\/index.php\\\/2025\\\/04\\\/25\\\/esc-welcome-yana\\\/\"},\"author\":{\"name\":\"Volunteers\",\"@id\":\"https:\\\/\\\/www.youthforequality.sk\\\/#\\\/schema\\\/person\\\/55f3a5ce6c3bf59030ee945357c0831b\"},\"headline\":\"ESC: Welcome Yana!\",\"datePublished\":\"2025-04-25T11:15:29+00:00\",\"dateModified\":\"2025-04-25T11:29:23+00:00\",\"mainEntityOfPage\":{\"@id\":\"https:\\\/\\\/www.youthforequality.sk\\\/index.php\\\/2025\\\/04\\\/25\\\/esc-welcome-yana\\\/\"},\"wordCount\":123,\"publisher\":{\"@id\":\"https:\\\/\\\/www.youthforequality.sk\\\/#organization\"},\"image\":{\"@id\":\"https:\\\/\\\/www.youthforequality.sk\\\/index.php\\\/2025\\\/04\\\/25\\\/esc-welcome-yana\\\/#primaryimage\"},\"thumbnailUrl\":\"https:\\\/\\\/www.youthforequality.sk\\\/wp-content\\\/uploads\\\/2025\\\/04\\\/IMG_0315-scaled.jpg\",\"articleSection\":[\"Individu\u00e1lne dobrovo\u013en\u00edctvo\"],\"inLanguage\":\"sk-SK\"},{\"@type\":\"WebPage\",\"@id\":\"https:\\\/\\\/www.youthforequality.sk\\\/index.php\\\/2025\\\/04\\\/25\\\/esc-welcome-yana\\\/\",\"url\":\"https:\\\/\\\/www.youthforequality.sk\\\/index.php\\\/2025\\\/04\\\/25\\\/esc-welcome-yana\\\/\",\"name\":\"ESC: Welcome Yana! |\",\"isPartOf\":{\"@id\":\"https:\\\/\\\/www.youthforequality.sk\\\/#website\"},\"primaryImageOfPage\":{\"@id\":\"https:\\\/\\\/www.youthforequality.sk\\\/index.php\\\/2025\\\/04\\\/25\\\/esc-welcome-yana\\\/#primaryimage\"},\"image\":{\"@id\":\"https:\\\/\\\/www.youthforequality.sk\\\/index.php\\\/2025\\\/04\\\/25\\\/esc-welcome-yana\\\/#primaryimage\"},\"thumbnailUrl\":\"https:\\\/\\\/www.youthforequality.sk\\\/wp-content\\\/uploads\\\/2025\\\/04\\\/IMG_0315-scaled.jpg\",\"datePublished\":\"2025-04-25T11:15:29+00:00\",\"dateModified\":\"2025-04-25T11:29:23+00:00\",\"breadcrumb\":{\"@id\":\"https:\\\/\\\/www.youthforequality.sk\\\/index.php\\\/2025\\\/04\\\/25\\\/esc-welcome-yana\\\/#breadcrumb\"},\"inLanguage\":\"sk-SK\",\"potentialAction\":[{\"@type\":\"ReadAction\",\"target\":[\"https:\\\/\\\/www.youthforequality.sk\\\/index.php\\\/2025\\\/04\\\/25\\\/esc-welcome-yana\\\/\"]}]},{\"@type\":\"ImageObject\",\"inLanguage\":\"sk-SK\",\"@id\":\"https:\\\/\\\/www.youthforequality.sk\\\/index.php\\\/2025\\\/04\\\/25\\\/esc-welcome-yana\\\/#primaryimage\",\"url\":\"https:\\\/\\\/www.youthforequality.sk\\\/wp-content\\\/uploads\\\/2025\\\/04\\\/IMG_0315-scaled.jpg\",\"contentUrl\":\"https:\\\/\\\/www.youthforequality.sk\\\/wp-content\\\/uploads\\\/2025\\\/04\\\/IMG_0315-scaled.jpg\",\"width\":1918,\"height\":2560},{\"@type\":\"BreadcrumbList\",\"@id\":\"https:\\\/\\\/www.youthforequality.sk\\\/index.php\\\/2025\\\/04\\\/25\\\/esc-welcome-yana\\\/#breadcrumb\",\"itemListElement\":[{\"@type\":\"ListItem\",\"position\":1,\"name\":\"Home\",\"item\":\"https:\\\/\\\/www.youthforequality.sk\\\/\"},{\"@type\":\"ListItem\",\"position\":2,\"name\":\"ESC: Welcome Yana!\"}]},{\"@type\":\"WebSite\",\"@id\":\"https:\\\/\\\/www.youthforequality.sk\\\/#website\",\"url\":\"https:\\\/\\\/www.youthforequality.sk\\\/\",\"name\":\"\",\"description\":\"\",\"publisher\":{\"@id\":\"https:\\\/\\\/www.youthforequality.sk\\\/#organization\"},\"potentialAction\":[{\"@type\":\"SearchAction\",\"target\":{\"@type\":\"EntryPoint\",\"urlTemplate\":\"https:\\\/\\\/www.youthforequality.sk\\\/?s={search_term_string}\"},\"query-input\":{\"@type\":\"PropertyValueSpecification\",\"valueRequired\":true,\"valueName\":\"search_term_string\"}}],\"inLanguage\":\"sk-SK\"},{\"@type\":\"Organization\",\"@id\":\"https:\\\/\\\/www.youthforequality.sk\\\/#organization\",\"name\":\"Youth for Equality\",\"url\":\"https:\\\/\\\/www.youthforequality.sk\\\/\",\"logo\":{\"@type\":\"ImageObject\",\"inLanguage\":\"sk-SK\",\"@id\":\"https:\\\/\\\/www.youthforequality.sk\\\/#\\\/schema\\\/logo\\\/image\\\/\",\"url\":\"https:\\\/\\\/www.youthforequality.sk\\\/wp-content\\\/uploads\\\/2021\\\/01\\\/vynovene-logo-nove-farby_modra-na-web.png\",\"contentUrl\":\"https:\\\/\\\/www.youthforequality.sk\\\/wp-content\\\/uploads\\\/2021\\\/01\\\/vynovene-logo-nove-farby_modra-na-web.png\",\"width\":1,\"height\":1,\"caption\":\"Youth for Equality\"},\"image\":{\"@id\":\"https:\\\/\\\/www.youthforequality.sk\\\/#\\\/schema\\\/logo\\\/image\\\/\"},\"sameAs\":[\"https:\\\/\\\/www.facebook.com\\\/yeslovakia\"]},{\"@type\":\"Person\",\"@id\":\"https:\\\/\\\/www.youthforequality.sk\\\/#\\\/schema\\\/person\\\/55f3a5ce6c3bf59030ee945357c0831b\",\"name\":\"Volunteers\",\"image\":{\"@type\":\"ImageObject\",\"inLanguage\":\"sk-SK\",\"@id\":\"https:\\\/\\\/secure.gravatar.com\\\/avatar\\\/877e8b8b1c7141289d8fa98d9c34bac243a6398eab80927213700d9ba7888055?s=96&d=mm&r=g\",\"url\":\"https:\\\/\\\/secure.gravatar.com\\\/avatar\\\/877e8b8b1c7141289d8fa98d9c34bac243a6398eab80927213700d9ba7888055?s=96&d=mm&r=g\",\"contentUrl\":\"https:\\\/\\\/secure.gravatar.com\\\/avatar\\\/877e8b8b1c7141289d8fa98d9c34bac243a6398eab80927213700d9ba7888055?s=96&d=mm&r=g\",\"caption\":\"Volunteers\"},\"url\":\"https:\\\/\\\/www.youthforequality.sk\\\/index.php\\\/author\\\/volunteers\\\/\"}]}<\/script>\n<!-- \/ Yoast SEO plugin. -->","yoast_head_json":{"title":"ESC: Welcome Yana! |","robots":{"index":"index","follow":"follow","max-snippet":"max-snippet:-1","max-image-preview":"max-image-preview:large","max-video-preview":"max-video-preview:-1"},"canonical":"https:\/\/www.youthforequality.sk\/index.php\/2025\/04\/25\/esc-welcome-yana\/","og_locale":"sk_SK","og_type":"article","og_title":"ESC: Welcome Yana! |","og_description":"Welcome to our family \ud83c\udf89We are glad to have such an amazing person in our team.________________________________ My name is Yana, I\u2019m 28 years old and originally from Ukraine. I studied Advertising, Public Relations and German at university, which sparked my passion for communication and cultural exchange. I have a strong love for learning foreign languages,&hellip;&nbsp;\u010c\u00edta\u0165 viac &raquo;ESC: Welcome Yana!","og_url":"https:\/\/www.youthforequality.sk\/index.php\/2025\/04\/25\/esc-welcome-yana\/","article_publisher":"https:\/\/www.facebook.com\/yeslovakia","article_published_time":"2025-04-25T11:15:29+00:00","article_modified_time":"2025-04-25T11:29:23+00:00","og_image":[{"width":1918,"height":2560,"url":"https:\/\/www.youthforequality.sk\/wp-content\/uploads\/2025\/04\/IMG_0315-scaled.jpg","type":"image\/jpeg"}],"author":"Volunteers","twitter_card":"summary_large_image","twitter_misc":{"Autor":"Volunteers","Predpokladan\u00fd \u010das \u010d\u00edtania":"1 min\u00fata"},"schema":{"@context":"https:\/\/schema.org","@graph":[{"@type":"Article","@id":"https:\/\/www.youthforequality.sk\/index.php\/2025\/04\/25\/esc-welcome-yana\/#article","isPartOf":{"@id":"https:\/\/www.youthforequality.sk\/index.php\/2025\/04\/25\/esc-welcome-yana\/"},"author":{"name":"Volunteers","@id":"https:\/\/www.youthforequality.sk\/#\/schema\/person\/55f3a5ce6c3bf59030ee945357c0831b"},"headline":"ESC: Welcome Yana!","datePublished":"2025-04-25T11:15:29+00:00","dateModified":"2025-04-25T11:29:23+00:00","mainEntityOfPage":{"@id":"https:\/\/www.youthforequality.sk\/index.php\/2025\/04\/25\/esc-welcome-yana\/"},"wordCount":123,"publisher":{"@id":"https:\/\/www.youthforequality.sk\/#organization"},"image":{"@id":"https:\/\/www.youthforequality.sk\/index.php\/2025\/04\/25\/esc-welcome-yana\/#primaryimage"},"thumbnailUrl":"https:\/\/www.youthforequality.sk\/wp-content\/uploads\/2025\/04\/IMG_0315-scaled.jpg","articleSection":["Individu\u00e1lne dobrovo\u013en\u00edctvo"],"inLanguage":"sk-SK"},{"@type":"WebPage","@id":"https:\/\/www.youthforequality.sk\/index.php\/2025\/04\/25\/esc-welcome-yana\/","url":"https:\/\/www.youthforequality.sk\/index.php\/2025\/04\/25\/esc-welcome-yana\/","name":"ESC: Welcome Yana! |","isPartOf":{"@id":"https:\/\/www.youthforequality.sk\/#website"},"primaryImageOfPage":{"@id":"https:\/\/www.youthforequality.sk\/index.php\/2025\/04\/25\/esc-welcome-yana\/#primaryimage"},"image":{"@id":"https:\/\/www.youthforequality.sk\/index.php\/2025\/04\/25\/esc-welcome-yana\/#primaryimage"},"thumbnailUrl":"https:\/\/www.youthforequality.sk\/wp-content\/uploads\/2025\/04\/IMG_0315-scaled.jpg","datePublished":"2025-04-25T11:15:29+00:00","dateModified":"2025-04-25T11:29:23+00:00","breadcrumb":{"@id":"https:\/\/www.youthforequality.sk\/index.php\/2025\/04\/25\/esc-welcome-yana\/#breadcrumb"},"inLanguage":"sk-SK","potentialAction":[{"@type":"ReadAction","target":["https:\/\/www.youthforequality.sk\/index.php\/2025\/04\/25\/esc-welcome-yana\/"]}]},{"@type":"ImageObject","inLanguage":"sk-SK","@id":"https:\/\/www.youthforequality.sk\/index.php\/2025\/04\/25\/esc-welcome-yana\/#primaryimage","url":"https:\/\/www.youthforequality.sk\/wp-content\/uploads\/2025\/04\/IMG_0315-scaled.jpg","contentUrl":"https:\/\/www.youthforequality.sk\/wp-content\/uploads\/2025\/04\/IMG_0315-scaled.jpg","width":1918,"height":2560},{"@type":"BreadcrumbList","@id":"https:\/\/www.youthforequality.sk\/index.php\/2025\/04\/25\/esc-welcome-yana\/#breadcrumb","itemListElement":[{"@type":"ListItem","position":1,"name":"Home","item":"https:\/\/www.youthforequality.sk\/"},{"@type":"ListItem","position":2,"name":"ESC: Welcome Yana!"}]},{"@type":"WebSite","@id":"https:\/\/www.youthforequality.sk\/#website","url":"https:\/\/www.youthforequality.sk\/","name":"","description":"","publisher":{"@id":"https:\/\/www.youthforequality.sk\/#organization"},"potentialAction":[{"@type":"SearchAction","target":{"@type":"EntryPoint","urlTemplate":"https:\/\/www.youthforequality.sk\/?s={search_term_string}"},"query-input":{"@type":"PropertyValueSpecification","valueRequired":true,"valueName":"search_term_string"}}],"inLanguage":"sk-SK"},{"@type":"Organization","@id":"https:\/\/www.youthforequality.sk\/#organization","name":"Youth for Equality","url":"https:\/\/www.youthforequality.sk\/","logo":{"@type":"ImageObject","inLanguage":"sk-SK","@id":"https:\/\/www.youthforequality.sk\/#\/schema\/logo\/image\/","url":"https:\/\/www.youthforequality.sk\/wp-content\/uploads\/2021\/01\/vynovene-logo-nove-farby_modra-na-web.png","contentUrl":"https:\/\/www.youthforequality.sk\/wp-content\/uploads\/2021\/01\/vynovene-logo-nove-farby_modra-na-web.png","width":1,"height":1,"caption":"Youth for Equality"},"image":{"@id":"https:\/\/www.youthforequality.sk\/#\/schema\/logo\/image\/"},"sameAs":["https:\/\/www.facebook.com\/yeslovakia"]},{"@type":"Person","@id":"https:\/\/www.youthforequality.sk\/#\/schema\/person\/55f3a5ce6c3bf59030ee945357c0831b","name":"Volunteers","image":{"@type":"ImageObject","inLanguage":"sk-SK","@id":"https:\/\/secure.gravatar.com\/avatar\/877e8b8b1c7141289d8fa98d9c34bac243a6398eab80927213700d9ba7888055?s=96&d=mm&r=g","url":"https:\/\/secure.gravatar.com\/avatar\/877e8b8b1c7141289d8fa98d9c34bac243a6398eab80927213700d9ba7888055?s=96&d=mm&r=g","contentUrl":"https:\/\/secure.gravatar.com\/avatar\/877e8b8b1c7141289d8fa98d9c34bac243a6398eab80927213700d9ba7888055?s=96&d=mm&r=g","caption":"Volunteers"},"url":"https:\/\/www.youthforequality.sk\/index.php\/author\/volunteers\/"}]}},"_links":{"self":[{"href":"https:\/\/www.youthforequality.sk\/index.php\/wp-json\/wp\/v2\/posts\/8988","targetHints":{"allow":["GET"]}}],"collection":[{"href":"https:\/\/www.youthforequality.sk\/index.php\/wp-json\/wp\/v2\/posts"}],"about":[{"href":"https:\/\/www.youthforequality.sk\/index.php\/wp-json\/wp\/v2\/types\/post"}],"author":[{"embeddable":true,"href":"https:\/\/www.youthforequality.sk\/index.php\/wp-json\/wp\/v2\/users\/13"}],"replies":[{"embeddable":true,"href":"https:\/\/www.youthforequality.sk\/index.php\/wp-json\/wp\/v2\/comments?post=8988"}],"version-history":[{"count":7,"href":"https:\/\/www.youthforequality.sk\/index.php\/wp-json\/wp\/v2\/posts\/8988\/revisions"}],"predecessor-version":[{"id":9008,"href":"https:\/\/www.youthforequality.sk\/index.php\/wp-json\/wp\/v2\/posts\/8988\/revisions\/9008"}],"wp:featuredmedia":[{"embeddable":true,"href":"https:\/\/www.youthforequality.sk\/index.php\/wp-json\/wp\/v2\/media\/8971"}],"wp:attachment":[{"href":"https:\/\/www.youthforequality.sk\/index.php\/wp-json\/wp\/v2\/media?parent=8988"}],"wp:term":[{"taxonomy":"category","embeddable":true,"href":"https:\/\/www.youthforequality.sk\/index.php\/wp-json\/wp\/v2\/categories?post=8988"},{"taxonomy":"post_tag","embeddable":true,"href":"https:\/\/www.youthforequality.sk\/index.php\/wp-json\/wp\/v2\/tags?post=8988"}],"curies":[{"name":"wp","href":"https:\/\/api.w.org\/{rel}","templated":true}]}}