{"id":9592,"date":"2025-09-26T16:21:35","date_gmt":"2025-09-26T14:21:35","guid":{"rendered":"https:\/\/www.youthforequality.sk\/?p=9592"},"modified":"2025-11-11T13:02:53","modified_gmt":"2025-11-11T12:02:53","slug":"esc-european-mobility-week-2025","status":"publish","type":"post","link":"https:\/\/www.youthforequality.sk\/index.php\/2025\/09\/26\/esc-european-mobility-week-2025\/","title":{"rendered":"ESC: European Mobility Week 2025"},"content":{"rendered":"\t\t<div data-elementor-type=\"wp-post\" data-elementor-id=\"9592\" class=\"elementor elementor-9592\">\n\t\t\t\t\t\t<section class=\"elementor-section elementor-top-section elementor-element elementor-element-481b26ed elementor-section-boxed elementor-section-height-default elementor-section-height-default\" data-id=\"481b26ed\" data-element_type=\"section\" data-e-type=\"section\">\n\t\t\t\t\t\t<div class=\"elementor-container elementor-column-gap-default\">\n\t\t\t\t\t<div class=\"elementor-column elementor-col-100 elementor-top-column elementor-element elementor-element-47283c0e\" data-id=\"47283c0e\" data-element_type=\"column\" data-e-type=\"column\">\n\t\t\t<div class=\"elementor-widget-wrap elementor-element-populated\">\n\t\t\t\t\t\t<div class=\"elementor-element elementor-element-51c1491d elementor-widget elementor-widget-text-editor\" data-id=\"51c1491d\" data-element_type=\"widget\" data-e-type=\"widget\" data-widget_type=\"text-editor.default\">\n\t\t\t\t<div class=\"elementor-widget-container\">\n\t\t\t\t\t\t\t\t\t<p data-start=\"133\" data-end=\"512\">In September, our team of international volunteers joined <i>us<\/i>\u00a0for a three-week <em data-start=\"239\" data-end=\"258\">team volunteering <\/em>project full of learning, creativity and community spirit. Together, we supported local initiatives, organized cultural activities, and took part in the city\u2019s <strong data-start=\"420\" data-end=\"446\">European Mobility Week<\/strong>, promoting sustainable urban mobility and community engagement.<\/p><p data-start=\"133\" data-end=\"512\">\u00a0<\/p><p data-start=\"514\" data-end=\"706\">This experience brought together people from different backgrounds to share ideas, develop new skills, and make a positive impact.<\/p>\t\t\t\t\t\t\t\t<\/div>\n\t\t\t\t<\/div>\n\t\t\t\t\t<\/div>\n\t\t<\/div>\n\t\t\t\t\t<\/div>\n\t\t<\/section>\n\t\t\t\t<section class=\"elementor-section elementor-top-section elementor-element elementor-element-cdfd1f7 elementor-section-boxed elementor-section-height-default elementor-section-height-default\" data-id=\"cdfd1f7\" data-element_type=\"section\" data-e-type=\"section\">\n\t\t\t\t\t\t<div class=\"elementor-container elementor-column-gap-default\">\n\t\t\t\t\t<div class=\"elementor-column elementor-col-100 elementor-top-column elementor-element elementor-element-dff6cfa\" data-id=\"dff6cfa\" data-element_type=\"column\" data-e-type=\"column\">\n\t\t\t<div class=\"elementor-widget-wrap elementor-element-populated\">\n\t\t\t\t\t\t<div class=\"elementor-element elementor-element-9c44de3 elementor-widget elementor-widget-heading\" data-id=\"9c44de3\" data-element_type=\"widget\" data-e-type=\"widget\" data-widget_type=\"heading.default\">\n\t\t\t\t<div class=\"elementor-widget-container\">\n\t\t\t\t\t<h6 class=\"elementor-heading-title elementor-size-default\">Our Activities During the European Mobility Week<\/h6>\t\t\t\t<\/div>\n\t\t\t\t<\/div>\n\t\t\t\t\t<\/div>\n\t\t<\/div>\n\t\t\t\t\t<\/div>\n\t\t<\/section>\n\t\t\t\t<section class=\"elementor-section elementor-top-section elementor-element elementor-element-9b23ca9 elementor-section-boxed elementor-section-height-default elementor-section-height-default\" data-id=\"9b23ca9\" data-element_type=\"section\" data-e-type=\"section\">\n\t\t\t\t\t\t<div class=\"elementor-container elementor-column-gap-default\">\n\t\t\t\t\t<div class=\"elementor-column elementor-col-33 elementor-top-column elementor-element elementor-element-0d7f81d\" data-id=\"0d7f81d\" data-element_type=\"column\" data-e-type=\"column\">\n\t\t\t<div class=\"elementor-widget-wrap elementor-element-populated\">\n\t\t\t\t\t\t<div class=\"elementor-element elementor-element-0ccfb3a elementor-widget elementor-widget-image\" data-id=\"0ccfb3a\" data-element_type=\"widget\" data-e-type=\"widget\" data-widget_type=\"image.default\">\n\t\t\t\t<div class=\"elementor-widget-container\">\n\t\t\t\t\t\t\t\t\t\t\t\t\t\t\t<img decoding=\"async\" src=\"https:\/\/www.youthforequality.sk\/wp-content\/uploads\/elementor\/thumbs\/run-ramxu96d7sju1t6acknku91ky4nuybkbaj1h2vkevs.jpg\" title=\"run\" alt=\"run\" loading=\"lazy\" \/>\t\t\t\t\t\t\t\t\t\t\t\t\t\t\t<\/div>\n\t\t\t\t<\/div>\n\t\t\t\t\t<\/div>\n\t\t<\/div>\n\t\t\t\t<div class=\"elementor-column elementor-col-33 elementor-top-column elementor-element elementor-element-17fcd4c\" data-id=\"17fcd4c\" data-element_type=\"column\" data-e-type=\"column\">\n\t\t\t<div class=\"elementor-widget-wrap elementor-element-populated\">\n\t\t\t\t\t\t<div class=\"elementor-element elementor-element-5418de5 elementor-widget elementor-widget-image\" data-id=\"5418de5\" data-element_type=\"widget\" data-e-type=\"widget\" data-widget_type=\"image.default\">\n\t\t\t\t<div class=\"elementor-widget-container\">\n\t\t\t\t\t\t\t\t\t\t\t\t\t\t\t<img fetchpriority=\"high\" decoding=\"async\" width=\"576\" height=\"1024\" src=\"https:\/\/www.youthforequality.sk\/wp-content\/uploads\/2025\/07\/Stories-3-576x1024.png\" class=\"attachment-large size-large wp-image-10105\" alt=\"\" srcset=\"https:\/\/www.youthforequality.sk\/wp-content\/uploads\/2025\/07\/Stories-3-576x1024.png 576w, https:\/\/www.youthforequality.sk\/wp-content\/uploads\/2025\/07\/Stories-3-169x300.png 169w, https:\/\/www.youthforequality.sk\/wp-content\/uploads\/2025\/07\/Stories-3-768x1365.png 768w, https:\/\/www.youthforequality.sk\/wp-content\/uploads\/2025\/07\/Stories-3-864x1536.png 864w, https:\/\/www.youthforequality.sk\/wp-content\/uploads\/2025\/07\/Stories-3.png 1080w\" sizes=\"(max-width: 576px) 100vw, 576px\" \/>\t\t\t\t\t\t\t\t\t\t\t\t\t\t\t<\/div>\n\t\t\t\t<\/div>\n\t\t\t\t\t<\/div>\n\t\t<\/div>\n\t\t\t\t<div class=\"elementor-column elementor-col-33 elementor-top-column elementor-element elementor-element-3c0cf7b\" data-id=\"3c0cf7b\" data-element_type=\"column\" data-e-type=\"column\">\n\t\t\t<div class=\"elementor-widget-wrap elementor-element-populated\">\n\t\t\t\t\t\t<div class=\"elementor-element elementor-element-838808c elementor-widget elementor-widget-image\" data-id=\"838808c\" data-element_type=\"widget\" data-e-type=\"widget\" data-widget_type=\"image.default\">\n\t\t\t\t<div class=\"elementor-widget-container\">\n\t\t\t\t\t\t\t\t\t\t\t\t\t\t\t<img decoding=\"async\" src=\"https:\/\/www.youthforequality.sk\/wp-content\/uploads\/elementor\/thumbs\/23-ramxtxwaxs4e6hmo6fs20bw1ti7gdybj8z7nbk14yg.jpg\" title=\"23\" alt=\"23\" loading=\"lazy\" \/>\t\t\t\t\t\t\t\t\t\t\t\t\t\t\t<\/div>\n\t\t\t\t<\/div>\n\t\t\t\t\t<\/div>\n\t\t<\/div>\n\t\t\t\t\t<\/div>\n\t\t<\/section>\n\t\t\t\t<section class=\"elementor-section elementor-top-section elementor-element elementor-element-cee9573 elementor-section-boxed elementor-section-height-default elementor-section-height-default\" data-id=\"cee9573\" data-element_type=\"section\" data-e-type=\"section\">\n\t\t\t\t\t\t<div class=\"elementor-container elementor-column-gap-default\">\n\t\t\t\t\t<div class=\"elementor-column elementor-col-50 elementor-top-column elementor-element elementor-element-f841c04\" data-id=\"f841c04\" data-element_type=\"column\" data-e-type=\"column\">\n\t\t\t<div class=\"elementor-widget-wrap elementor-element-populated\">\n\t\t\t\t\t\t<div class=\"elementor-element elementor-element-d50ea2e elementor-widget elementor-widget-image\" data-id=\"d50ea2e\" data-element_type=\"widget\" data-e-type=\"widget\" data-widget_type=\"image.default\">\n\t\t\t\t<div class=\"elementor-widget-container\">\n\t\t\t\t\t\t\t\t\t\t\t\t\t\t\t<img decoding=\"async\" width=\"576\" height=\"1024\" src=\"https:\/\/www.youthforequality.sk\/wp-content\/uploads\/2025\/07\/bike-ride-2-576x1024.png\" class=\"attachment-large size-large wp-image-10104\" alt=\"\" srcset=\"https:\/\/www.youthforequality.sk\/wp-content\/uploads\/2025\/07\/bike-ride-2-576x1024.png 576w, https:\/\/www.youthforequality.sk\/wp-content\/uploads\/2025\/07\/bike-ride-2-169x300.png 169w, https:\/\/www.youthforequality.sk\/wp-content\/uploads\/2025\/07\/bike-ride-2-768x1365.png 768w, https:\/\/www.youthforequality.sk\/wp-content\/uploads\/2025\/07\/bike-ride-2-864x1536.png 864w, https:\/\/www.youthforequality.sk\/wp-content\/uploads\/2025\/07\/bike-ride-2.png 1080w\" sizes=\"(max-width: 576px) 100vw, 576px\" \/>\t\t\t\t\t\t\t\t\t\t\t\t\t\t\t<\/div>\n\t\t\t\t<\/div>\n\t\t\t\t\t<\/div>\n\t\t<\/div>\n\t\t\t\t<div class=\"elementor-column elementor-col-50 elementor-top-column elementor-element elementor-element-ce8b2ea\" data-id=\"ce8b2ea\" data-element_type=\"column\" data-e-type=\"column\">\n\t\t\t<div class=\"elementor-widget-wrap elementor-element-populated\">\n\t\t\t\t\t\t<div class=\"elementor-element elementor-element-0772a94 elementor-widget elementor-widget-image\" data-id=\"0772a94\" data-element_type=\"widget\" data-e-type=\"widget\" data-widget_type=\"image.default\">\n\t\t\t\t<div class=\"elementor-widget-container\">\n\t\t\t\t\t\t\t\t\t\t\t\t\t\t\t<img decoding=\"async\" width=\"576\" height=\"1024\" src=\"https:\/\/www.youthforequality.sk\/wp-content\/uploads\/2025\/07\/bike-fixing-2-576x1024.png\" class=\"attachment-large size-large wp-image-10103\" alt=\"\" srcset=\"https:\/\/www.youthforequality.sk\/wp-content\/uploads\/2025\/07\/bike-fixing-2-576x1024.png 576w, https:\/\/www.youthforequality.sk\/wp-content\/uploads\/2025\/07\/bike-fixing-2-169x300.png 169w, https:\/\/www.youthforequality.sk\/wp-content\/uploads\/2025\/07\/bike-fixing-2-768x1365.png 768w, https:\/\/www.youthforequality.sk\/wp-content\/uploads\/2025\/07\/bike-fixing-2-864x1536.png 864w, https:\/\/www.youthforequality.sk\/wp-content\/uploads\/2025\/07\/bike-fixing-2.png 1080w\" sizes=\"(max-width: 576px) 100vw, 576px\" \/>\t\t\t\t\t\t\t\t\t\t\t\t\t\t\t<\/div>\n\t\t\t\t<\/div>\n\t\t\t\t\t<\/div>\n\t\t<\/div>\n\t\t\t\t\t<\/div>\n\t\t<\/section>\n\t\t\t\t<section class=\"elementor-section elementor-top-section elementor-element elementor-element-409653b elementor-section-boxed elementor-section-height-default elementor-section-height-default\" data-id=\"409653b\" data-element_type=\"section\" data-e-type=\"section\">\n\t\t\t\t\t\t<div class=\"elementor-container elementor-column-gap-default\">\n\t\t\t\t\t<div class=\"elementor-column elementor-col-33 elementor-top-column elementor-element elementor-element-8b13601\" data-id=\"8b13601\" data-element_type=\"column\" data-e-type=\"column\">\n\t\t\t<div class=\"elementor-widget-wrap elementor-element-populated\">\n\t\t\t\t\t\t<div class=\"elementor-element elementor-element-7bad2b8 elementor-widget elementor-widget-image\" data-id=\"7bad2b8\" data-element_type=\"widget\" data-e-type=\"widget\" data-widget_type=\"image.default\">\n\t\t\t\t<div class=\"elementor-widget-container\">\n\t\t\t\t\t\t\t\t\t\t\t\t\t\t\t<img decoding=\"async\" src=\"https:\/\/www.youthforequality.sk\/wp-content\/uploads\/elementor\/thumbs\/treasure-hunt-ramxucxpz4ozc90tqma3483fbo5bt3z8n1nezzeu6w.jpg\" title=\"treasure hunt\" alt=\"treasure hunt\" loading=\"lazy\" \/>\t\t\t\t\t\t\t\t\t\t\t\t\t\t\t<\/div>\n\t\t\t\t<\/div>\n\t\t\t\t\t<\/div>\n\t\t<\/div>\n\t\t\t\t<div class=\"elementor-column elementor-col-33 elementor-top-column elementor-element elementor-element-ef6377f\" data-id=\"ef6377f\" data-element_type=\"column\" data-e-type=\"column\">\n\t\t\t<div class=\"elementor-widget-wrap elementor-element-populated\">\n\t\t\t\t\t\t<div class=\"elementor-element elementor-element-9944eba elementor-widget elementor-widget-image\" data-id=\"9944eba\" data-element_type=\"widget\" data-e-type=\"widget\" data-widget_type=\"image.default\">\n\t\t\t\t<div class=\"elementor-widget-container\">\n\t\t\t\t\t\t\t\t\t\t\t\t\t\t\t<img decoding=\"async\" src=\"https:\/\/www.youthforequality.sk\/wp-content\/uploads\/elementor\/thumbs\/forum-2-ramxu1nnp49jgxh7khekaaxw71ox8qqglhtl8nvk9k.jpg\" title=\"forum (2)\" alt=\"forum (2)\" loading=\"lazy\" \/>\t\t\t\t\t\t\t\t\t\t\t\t\t\t\t<\/div>\n\t\t\t\t<\/div>\n\t\t\t\t\t<\/div>\n\t\t<\/div>\n\t\t\t\t<div class=\"elementor-column elementor-col-33 elementor-top-column elementor-element elementor-element-a717ac6\" data-id=\"a717ac6\" data-element_type=\"column\" data-e-type=\"column\">\n\t\t\t<div class=\"elementor-widget-wrap elementor-element-populated\">\n\t\t\t\t\t\t<div class=\"elementor-element elementor-element-aba71e8 elementor-widget elementor-widget-image\" data-id=\"aba71e8\" data-element_type=\"widget\" data-e-type=\"widget\" data-widget_type=\"image.default\">\n\t\t\t\t<div class=\"elementor-widget-container\">\n\t\t\t\t\t\t\t\t\t\t\t\t\t\t\t<img decoding=\"async\" src=\"https:\/\/www.youthforequality.sk\/wp-content\/uploads\/elementor\/thumbs\/voleyball-ramxuhmwxaveyatzz6b7yowqali5vlhwbowued7vbs.jpg\" title=\"voleyball\" alt=\"voleyball\" loading=\"lazy\" \/>\t\t\t\t\t\t\t\t\t\t\t\t\t\t\t<\/div>\n\t\t\t\t<\/div>\n\t\t\t\t\t<\/div>\n\t\t<\/div>\n\t\t\t\t\t<\/div>\n\t\t<\/section>\n\t\t\t\t<section class=\"elementor-section elementor-top-section elementor-element elementor-element-585f06d elementor-section-boxed elementor-section-height-default elementor-section-height-default\" data-id=\"585f06d\" data-element_type=\"section\" data-e-type=\"section\">\n\t\t\t\t\t\t<div class=\"elementor-container elementor-column-gap-default\">\n\t\t\t\t\t<div class=\"elementor-column elementor-col-100 elementor-top-column elementor-element elementor-element-8a95266\" data-id=\"8a95266\" data-element_type=\"column\" data-e-type=\"column\">\n\t\t\t<div class=\"elementor-widget-wrap elementor-element-populated\">\n\t\t\t\t\t\t\t<\/div>\n\t\t<\/div>\n\t\t\t\t\t<\/div>\n\t\t<\/section>\n\t\t\t\t<section class=\"elementor-section elementor-top-section elementor-element elementor-element-236dc76 elementor-section-boxed elementor-section-height-default elementor-section-height-default\" data-id=\"236dc76\" data-element_type=\"section\" data-e-type=\"section\">\n\t\t\t\t\t\t<div class=\"elementor-container elementor-column-gap-default\">\n\t\t\t\t\t<div class=\"elementor-column elementor-col-100 elementor-top-column elementor-element elementor-element-c2f9217\" data-id=\"c2f9217\" data-element_type=\"column\" data-e-type=\"column\">\n\t\t\t<div class=\"elementor-widget-wrap elementor-element-populated\">\n\t\t\t\t\t\t<div class=\"elementor-element elementor-element-cb9decf elementor-widget elementor-widget-text-editor\" data-id=\"cb9decf\" data-element_type=\"widget\" data-e-type=\"widget\" data-widget_type=\"text-editor.default\">\n\t\t\t\t<div class=\"elementor-widget-container\">\n\t\t\t\t\t\t\t\t\t<h4 data-start=\"132\" data-end=\"160\">Fix &amp; Ride Workshop<\/h4><p data-start=\"161\" data-end=\"398\">A hands-on bicycle repair and safety workshop where participants learned how to fix, maintain, and tune their bikes. The activity promoted sustainable transport and encouraged more people to use bicycles as an everyday mobility choice.<\/p><p data-start=\"161\" data-end=\"398\">\u00a0<\/p><p data-start=\"161\" data-end=\"398\">\u00a0<\/p><h4 data-start=\"405\" data-end=\"430\">Volleyball Match<\/h4><p data-start=\"431\" data-end=\"610\">A friendly volleyball game that brought together volunteers and locals to promote active lifestyles, teamwork, and outdoor physical activity as part of sustainable urban living.<\/p><p data-start=\"431\" data-end=\"610\">\u00a0<\/p><p data-start=\"431\" data-end=\"610\">\u00a0<\/p><h4 data-start=\"617\" data-end=\"640\">Treasure Hunt<\/h4><p data-start=\"641\" data-end=\"868\">An interactive city game where teams followed clues related to mobility, ecology, and Trnava\u2019s landmarks. The Treasure Hunt combined fun, learning, and exploration, showing how sustainable movement connects people and places.<\/p><p data-start=\"641\" data-end=\"868\">\u00a0<\/p><p data-start=\"641\" data-end=\"868\">\u00a0<\/p><h4 data-start=\"875\" data-end=\"927\">Public Run with \u201cLove Them Running\u201d Club<\/h4><p data-start=\"928\" data-end=\"1127\">A community run organized in cooperation with the local running club. Participants of all ages joined to celebrate movement, health, and the idea that sustainable cities start with active citizens.<\/p><p data-start=\"928\" data-end=\"1127\">\u00a0<\/p><p data-start=\"928\" data-end=\"1127\">\u00a0<\/p><h4 data-start=\"1134\" data-end=\"1167\">Public Forum on Mobility<\/h4><p data-start=\"1168\" data-end=\"1346\">An open discussion space where citizens, volunteers, and local stakeholders exchanged ideas on how to make Trnava more accessible, bike-friendly, and environmentally conscious.<\/p><p data-start=\"1168\" data-end=\"1346\">\u00a0<\/p><p data-start=\"1385\" data-end=\"1583\">\u00a0<\/p><h4 data-start=\"1590\" data-end=\"1617\">Mobility Workshops<\/h4><p data-start=\"1618\" data-end=\"1826\">Creative and educational sessions exploring the future of urban mobility. Participants learned about sustainable transport solutions and developed ideas to make everyday movement greener and more inclusive.<\/p>\t\t\t\t\t\t\t\t<\/div>\n\t\t\t\t<\/div>\n\t\t\t\t\t<\/div>\n\t\t<\/div>\n\t\t\t\t\t<\/div>\n\t\t<\/section>\n\t\t\t\t<section class=\"elementor-section elementor-top-section elementor-element elementor-element-0e9185a elementor-section-boxed elementor-section-height-default elementor-section-height-default\" data-id=\"0e9185a\" data-element_type=\"section\" data-e-type=\"section\">\n\t\t\t\t\t\t<div class=\"elementor-container elementor-column-gap-default\">\n\t\t\t\t\t<div class=\"elementor-column elementor-col-100 elementor-top-column elementor-element elementor-element-ef5c39c\" data-id=\"ef5c39c\" data-element_type=\"column\" data-e-type=\"column\">\n\t\t\t<div class=\"elementor-widget-wrap elementor-element-populated\">\n\t\t\t\t\t\t\t<\/div>\n\t\t<\/div>\n\t\t\t\t\t<\/div>\n\t\t<\/section>\n\t\t\t\t<section class=\"elementor-section elementor-top-section elementor-element elementor-element-64afa72 elementor-section-boxed elementor-section-height-default elementor-section-height-default\" data-id=\"64afa72\" data-element_type=\"section\" data-e-type=\"section\">\n\t\t\t\t\t\t<div class=\"elementor-container elementor-column-gap-default\">\n\t\t\t\t\t<div class=\"elementor-column elementor-col-33 elementor-top-column elementor-element elementor-element-321ba2a\" data-id=\"321ba2a\" data-element_type=\"column\" data-e-type=\"column\">\n\t\t\t<div class=\"elementor-widget-wrap elementor-element-populated\">\n\t\t\t\t\t\t<div class=\"elementor-element elementor-element-a1a5f3f elementor-widget elementor-widget-image\" data-id=\"a1a5f3f\" data-element_type=\"widget\" data-e-type=\"widget\" data-widget_type=\"image.default\">\n\t\t\t\t<div class=\"elementor-widget-container\">\n\t\t\t\t\t\t\t\t\t\t\t\t\t\t\t<img loading=\"lazy\" decoding=\"async\" width=\"768\" height=\"1024\" src=\"https:\/\/www.youthforequality.sk\/wp-content\/uploads\/2025\/07\/1-768x1024.jpg\" class=\"attachment-large size-large wp-image-10118\" alt=\"\" srcset=\"https:\/\/www.youthforequality.sk\/wp-content\/uploads\/2025\/07\/1-768x1024.jpg 768w, https:\/\/www.youthforequality.sk\/wp-content\/uploads\/2025\/07\/1-225x300.jpg 225w, https:\/\/www.youthforequality.sk\/wp-content\/uploads\/2025\/07\/1-1152x1536.jpg 1152w, https:\/\/www.youthforequality.sk\/wp-content\/uploads\/2025\/07\/1-1536x2048.jpg 1536w, https:\/\/www.youthforequality.sk\/wp-content\/uploads\/2025\/07\/1-scaled.jpg 1920w\" sizes=\"(max-width: 768px) 100vw, 768px\" \/>\t\t\t\t\t\t\t\t\t\t\t\t\t\t\t<\/div>\n\t\t\t\t<\/div>\n\t\t\t\t\t<\/div>\n\t\t<\/div>\n\t\t\t\t<div class=\"elementor-column elementor-col-33 elementor-top-column elementor-element elementor-element-ba793ac\" data-id=\"ba793ac\" data-element_type=\"column\" data-e-type=\"column\">\n\t\t\t<div class=\"elementor-widget-wrap elementor-element-populated\">\n\t\t\t\t\t\t<div class=\"elementor-element elementor-element-c7f1eb4 elementor-widget elementor-widget-image\" data-id=\"c7f1eb4\" data-element_type=\"widget\" data-e-type=\"widget\" data-widget_type=\"image.default\">\n\t\t\t\t<div class=\"elementor-widget-container\">\n\t\t\t\t\t\t\t\t\t\t\t\t\t\t\t<img loading=\"lazy\" decoding=\"async\" width=\"768\" height=\"1024\" src=\"https:\/\/www.youthforequality.sk\/wp-content\/uploads\/2025\/07\/111-768x1024.jpg\" class=\"attachment-large size-large wp-image-10121\" alt=\"\" srcset=\"https:\/\/www.youthforequality.sk\/wp-content\/uploads\/2025\/07\/111-768x1024.jpg 768w, https:\/\/www.youthforequality.sk\/wp-content\/uploads\/2025\/07\/111-225x300.jpg 225w, https:\/\/www.youthforequality.sk\/wp-content\/uploads\/2025\/07\/111-1152x1536.jpg 1152w, https:\/\/www.youthforequality.sk\/wp-content\/uploads\/2025\/07\/111-1536x2048.jpg 1536w, https:\/\/www.youthforequality.sk\/wp-content\/uploads\/2025\/07\/111-scaled.jpg 1920w\" sizes=\"(max-width: 768px) 100vw, 768px\" \/>\t\t\t\t\t\t\t\t\t\t\t\t\t\t\t<\/div>\n\t\t\t\t<\/div>\n\t\t\t\t\t<\/div>\n\t\t<\/div>\n\t\t\t\t<div class=\"elementor-column elementor-col-33 elementor-top-column elementor-element elementor-element-8f8eb05\" data-id=\"8f8eb05\" data-element_type=\"column\" data-e-type=\"column\">\n\t\t\t<div class=\"elementor-widget-wrap elementor-element-populated\">\n\t\t\t\t\t\t<div class=\"elementor-element elementor-element-570e85d elementor-widget elementor-widget-image\" data-id=\"570e85d\" data-element_type=\"widget\" data-e-type=\"widget\" data-widget_type=\"image.default\">\n\t\t\t\t<div class=\"elementor-widget-container\">\n\t\t\t\t\t\t\t\t\t\t\t\t\t\t\t<img loading=\"lazy\" decoding=\"async\" width=\"768\" height=\"1024\" src=\"https:\/\/www.youthforequality.sk\/wp-content\/uploads\/2025\/07\/11-768x1024.jpg\" class=\"attachment-large size-large wp-image-10119\" alt=\"\" srcset=\"https:\/\/www.youthforequality.sk\/wp-content\/uploads\/2025\/07\/11-768x1024.jpg 768w, https:\/\/www.youthforequality.sk\/wp-content\/uploads\/2025\/07\/11-225x300.jpg 225w, https:\/\/www.youthforequality.sk\/wp-content\/uploads\/2025\/07\/11-1152x1536.jpg 1152w, https:\/\/www.youthforequality.sk\/wp-content\/uploads\/2025\/07\/11-1536x2048.jpg 1536w, https:\/\/www.youthforequality.sk\/wp-content\/uploads\/2025\/07\/11-scaled.jpg 1920w\" sizes=\"(max-width: 768px) 100vw, 768px\" \/>\t\t\t\t\t\t\t\t\t\t\t\t\t\t\t<\/div>\n\t\t\t\t<\/div>\n\t\t\t\t\t<\/div>\n\t\t<\/div>\n\t\t\t\t\t<\/div>\n\t\t<\/section>\n\t\t\t\t<section class=\"elementor-section elementor-top-section elementor-element elementor-element-6b19b76 elementor-section-boxed elementor-section-height-default elementor-section-height-default\" data-id=\"6b19b76\" data-element_type=\"section\" data-e-type=\"section\">\n\t\t\t\t\t\t<div class=\"elementor-container elementor-column-gap-default\">\n\t\t\t\t\t<div class=\"elementor-column elementor-col-100 elementor-top-column elementor-element elementor-element-23b2b4d\" data-id=\"23b2b4d\" data-element_type=\"column\" data-e-type=\"column\">\n\t\t\t<div class=\"elementor-widget-wrap elementor-element-populated\">\n\t\t\t\t\t\t<div class=\"elementor-element elementor-element-771ee2e elementor-widget elementor-widget-image\" data-id=\"771ee2e\" data-element_type=\"widget\" data-e-type=\"widget\" data-widget_type=\"image.default\">\n\t\t\t\t<div class=\"elementor-widget-container\">\n\t\t\t\t\t\t\t\t\t\t\t\t\t\t\t<img loading=\"lazy\" decoding=\"async\" width=\"1024\" height=\"768\" src=\"https:\/\/www.youthforequality.sk\/wp-content\/uploads\/2025\/07\/1111-1024x768.jpg\" class=\"attachment-large size-large wp-image-10122\" alt=\"\" srcset=\"https:\/\/www.youthforequality.sk\/wp-content\/uploads\/2025\/07\/1111-1024x768.jpg 1024w, https:\/\/www.youthforequality.sk\/wp-content\/uploads\/2025\/07\/1111-300x225.jpg 300w, https:\/\/www.youthforequality.sk\/wp-content\/uploads\/2025\/07\/1111-768x576.jpg 768w, https:\/\/www.youthforequality.sk\/wp-content\/uploads\/2025\/07\/1111-1536x1152.jpg 1536w, https:\/\/www.youthforequality.sk\/wp-content\/uploads\/2025\/07\/1111-2048x1536.jpg 2048w\" sizes=\"(max-width: 1024px) 100vw, 1024px\" \/>\t\t\t\t\t\t\t\t\t\t\t\t\t\t\t<\/div>\n\t\t\t\t<\/div>\n\t\t\t\t\t<\/div>\n\t\t<\/div>\n\t\t\t\t\t<\/div>\n\t\t<\/section>\n\t\t\t\t<section class=\"elementor-section elementor-top-section elementor-element elementor-element-7cc0a51 elementor-section-boxed elementor-section-height-default elementor-section-height-default\" data-id=\"7cc0a51\" data-element_type=\"section\" data-e-type=\"section\">\n\t\t\t\t\t\t<div class=\"elementor-container elementor-column-gap-default\">\n\t\t\t\t\t<div class=\"elementor-column elementor-col-50 elementor-top-column elementor-element elementor-element-797f158\" data-id=\"797f158\" data-element_type=\"column\" data-e-type=\"column\">\n\t\t\t<div class=\"elementor-widget-wrap elementor-element-populated\">\n\t\t\t\t\t\t<div class=\"elementor-element elementor-element-3146495 elementor-widget elementor-widget-image\" data-id=\"3146495\" data-element_type=\"widget\" data-e-type=\"widget\" data-widget_type=\"image.default\">\n\t\t\t\t<div class=\"elementor-widget-container\">\n\t\t\t\t\t\t\t\t\t\t\t\t\t\t\t<img loading=\"lazy\" decoding=\"async\" width=\"768\" height=\"1024\" src=\"https:\/\/www.youthforequality.sk\/wp-content\/uploads\/2025\/07\/11111-768x1024.jpg\" class=\"attachment-large size-large wp-image-10123\" alt=\"\" srcset=\"https:\/\/www.youthforequality.sk\/wp-content\/uploads\/2025\/07\/11111-768x1024.jpg 768w, https:\/\/www.youthforequality.sk\/wp-content\/uploads\/2025\/07\/11111-225x300.jpg 225w, https:\/\/www.youthforequality.sk\/wp-content\/uploads\/2025\/07\/11111-1152x1536.jpg 1152w, https:\/\/www.youthforequality.sk\/wp-content\/uploads\/2025\/07\/11111-1536x2048.jpg 1536w, https:\/\/www.youthforequality.sk\/wp-content\/uploads\/2025\/07\/11111-scaled.jpg 1920w\" sizes=\"(max-width: 768px) 100vw, 768px\" \/>\t\t\t\t\t\t\t\t\t\t\t\t\t\t\t<\/div>\n\t\t\t\t<\/div>\n\t\t\t\t\t<\/div>\n\t\t<\/div>\n\t\t\t\t<div class=\"elementor-column elementor-col-50 elementor-top-column elementor-element elementor-element-567c8c8\" data-id=\"567c8c8\" data-element_type=\"column\" data-e-type=\"column\">\n\t\t\t<div class=\"elementor-widget-wrap elementor-element-populated\">\n\t\t\t\t\t\t<div class=\"elementor-element elementor-element-b61dbd9 elementor-widget elementor-widget-image\" data-id=\"b61dbd9\" data-element_type=\"widget\" data-e-type=\"widget\" data-widget_type=\"image.default\">\n\t\t\t\t<div class=\"elementor-widget-container\">\n\t\t\t\t\t\t\t\t\t\t\t\t\t\t\t<img loading=\"lazy\" decoding=\"async\" width=\"768\" height=\"1024\" src=\"https:\/\/www.youthforequality.sk\/wp-content\/uploads\/2025\/07\/111111-768x1024.jpg\" class=\"attachment-large size-large wp-image-10124\" alt=\"\" srcset=\"https:\/\/www.youthforequality.sk\/wp-content\/uploads\/2025\/07\/111111-768x1024.jpg 768w, https:\/\/www.youthforequality.sk\/wp-content\/uploads\/2025\/07\/111111-225x300.jpg 225w, https:\/\/www.youthforequality.sk\/wp-content\/uploads\/2025\/07\/111111-1152x1536.jpg 1152w, https:\/\/www.youthforequality.sk\/wp-content\/uploads\/2025\/07\/111111-1536x2048.jpg 1536w, https:\/\/www.youthforequality.sk\/wp-content\/uploads\/2025\/07\/111111-scaled.jpg 1920w\" sizes=\"(max-width: 768px) 100vw, 768px\" \/>\t\t\t\t\t\t\t\t\t\t\t\t\t\t\t<\/div>\n\t\t\t\t<\/div>\n\t\t\t\t\t<\/div>\n\t\t<\/div>\n\t\t\t\t\t<\/div>\n\t\t<\/section>\n\t\t\t\t<section class=\"elementor-section elementor-top-section elementor-element elementor-element-2b67985 elementor-section-boxed elementor-section-height-default elementor-section-height-default\" data-id=\"2b67985\" data-element_type=\"section\" data-e-type=\"section\">\n\t\t\t\t\t\t<div class=\"elementor-container elementor-column-gap-default\">\n\t\t\t\t\t<div class=\"elementor-column elementor-col-100 elementor-top-column elementor-element elementor-element-355e5d4\" data-id=\"355e5d4\" data-element_type=\"column\" data-e-type=\"column\">\n\t\t\t<div class=\"elementor-widget-wrap elementor-element-populated\">\n\t\t\t\t\t\t<div class=\"elementor-element elementor-element-2d332ab elementor-widget elementor-widget-text-editor\" data-id=\"2d332ab\" data-element_type=\"widget\" data-e-type=\"widget\" data-widget_type=\"text-editor.default\">\n\t\t\t\t<div class=\"elementor-widget-container\">\n\t\t\t\t\t\t\t\t\t<p>\u00a0<\/p><p>\u00a0<\/p><p>\u00a0<\/p><p>\u00a0<\/p>\t\t\t\t\t\t\t\t<\/div>\n\t\t\t\t<\/div>\n\t\t\t\t\t<\/div>\n\t\t<\/div>\n\t\t\t\t\t<\/div>\n\t\t<\/section>\n\t\t\t\t<section class=\"elementor-section elementor-top-section elementor-element elementor-element-d4676ed elementor-section-boxed elementor-section-height-default elementor-section-height-default\" data-id=\"d4676ed\" data-element_type=\"section\" data-e-type=\"section\">\n\t\t\t\t\t\t<div class=\"elementor-container elementor-column-gap-default\">\n\t\t\t\t\t<div class=\"elementor-column elementor-col-100 elementor-top-column elementor-element elementor-element-f44f804\" data-id=\"f44f804\" data-element_type=\"column\" data-e-type=\"column\">\n\t\t\t<div class=\"elementor-widget-wrap elementor-element-populated\">\n\t\t\t\t\t\t<div class=\"elementor-element elementor-element-61bdb98 elementor-widget elementor-widget-heading\" data-id=\"61bdb98\" data-element_type=\"widget\" data-e-type=\"widget\" data-widget_type=\"heading.default\">\n\t\t\t\t<div class=\"elementor-widget-container\">\n\t\t\t\t\t<h6 class=\"elementor-heading-title elementor-size-default\">Our Volunteers\u2019 Mobility Week Experience<\/h6>\t\t\t\t<\/div>\n\t\t\t\t<\/div>\n\t\t\t\t\t<\/div>\n\t\t<\/div>\n\t\t\t\t\t<\/div>\n\t\t<\/section>\n\t\t\t\t<section class=\"elementor-section elementor-top-section elementor-element elementor-element-3a78906 elementor-section-boxed elementor-section-height-default elementor-section-height-default\" data-id=\"3a78906\" data-element_type=\"section\" data-e-type=\"section\">\n\t\t\t\t\t\t<div class=\"elementor-container elementor-column-gap-default\">\n\t\t\t\t\t<div class=\"elementor-column elementor-col-50 elementor-top-column elementor-element elementor-element-901192a\" data-id=\"901192a\" data-element_type=\"column\" data-e-type=\"column\">\n\t\t\t<div class=\"elementor-widget-wrap elementor-element-populated\">\n\t\t\t\t\t\t<div class=\"elementor-element elementor-element-9a82e7e elementor-widget__width-initial elementor-widget elementor-widget-image\" data-id=\"9a82e7e\" data-element_type=\"widget\" data-e-type=\"widget\" data-widget_type=\"image.default\">\n\t\t\t\t<div class=\"elementor-widget-container\">\n\t\t\t\t\t\t\t\t\t\t\t\t\t\t\t<img loading=\"lazy\" decoding=\"async\" width=\"731\" height=\"1024\" src=\"https:\/\/www.youthforequality.sk\/wp-content\/uploads\/2025\/07\/IMG_5062-2-731x1024.jpg\" class=\"attachment-large size-large wp-image-10141\" alt=\"\" srcset=\"https:\/\/www.youthforequality.sk\/wp-content\/uploads\/2025\/07\/IMG_5062-2-731x1024.jpg 731w, https:\/\/www.youthforequality.sk\/wp-content\/uploads\/2025\/07\/IMG_5062-2-214x300.jpg 214w, https:\/\/www.youthforequality.sk\/wp-content\/uploads\/2025\/07\/IMG_5062-2-768x1075.jpg 768w, https:\/\/www.youthforequality.sk\/wp-content\/uploads\/2025\/07\/IMG_5062-2.jpg 1045w\" sizes=\"(max-width: 731px) 100vw, 731px\" \/>\t\t\t\t\t\t\t\t\t\t\t\t\t\t\t<\/div>\n\t\t\t\t<\/div>\n\t\t\t\t\t<\/div>\n\t\t<\/div>\n\t\t\t\t<div class=\"elementor-column elementor-col-50 elementor-top-column elementor-element elementor-element-19b6125\" data-id=\"19b6125\" data-element_type=\"column\" data-e-type=\"column\">\n\t\t\t<div class=\"elementor-widget-wrap elementor-element-populated\">\n\t\t\t\t\t\t<div class=\"elementor-element elementor-element-f465c47 elementor-widget__width-initial elementor-widget elementor-widget-image\" data-id=\"f465c47\" data-element_type=\"widget\" data-e-type=\"widget\" data-widget_type=\"image.default\">\n\t\t\t\t<div class=\"elementor-widget-container\">\n\t\t\t\t\t\t\t\t\t\t\t\t\t\t\t<img loading=\"lazy\" decoding=\"async\" width=\"768\" height=\"1024\" src=\"https:\/\/www.youthforequality.sk\/wp-content\/uploads\/2025\/07\/IMG_2447-768x1024.jpg\" class=\"attachment-large size-large wp-image-10140\" alt=\"\" srcset=\"https:\/\/www.youthforequality.sk\/wp-content\/uploads\/2025\/07\/IMG_2447-768x1024.jpg 768w, https:\/\/www.youthforequality.sk\/wp-content\/uploads\/2025\/07\/IMG_2447-225x300.jpg 225w, https:\/\/www.youthforequality.sk\/wp-content\/uploads\/2025\/07\/IMG_2447-1152x1536.jpg 1152w, https:\/\/www.youthforequality.sk\/wp-content\/uploads\/2025\/07\/IMG_2447-1536x2048.jpg 1536w, https:\/\/www.youthforequality.sk\/wp-content\/uploads\/2025\/07\/IMG_2447-scaled.jpg 1920w\" sizes=\"(max-width: 768px) 100vw, 768px\" \/>\t\t\t\t\t\t\t\t\t\t\t\t\t\t\t<\/div>\n\t\t\t\t<\/div>\n\t\t\t\t\t<\/div>\n\t\t<\/div>\n\t\t\t\t\t<\/div>\n\t\t<\/section>\n\t\t\t\t<section class=\"elementor-section elementor-top-section elementor-element elementor-element-c147e9c elementor-section-boxed elementor-section-height-default elementor-section-height-default\" data-id=\"c147e9c\" data-element_type=\"section\" data-e-type=\"section\">\n\t\t\t\t\t\t<div class=\"elementor-container elementor-column-gap-default\">\n\t\t\t\t\t<div class=\"elementor-column elementor-col-100 elementor-top-column elementor-element elementor-element-5ede729\" data-id=\"5ede729\" data-element_type=\"column\" data-e-type=\"column\">\n\t\t\t<div class=\"elementor-widget-wrap elementor-element-populated\">\n\t\t\t\t\t\t<div class=\"elementor-element elementor-element-586daca elementor-widget elementor-widget-text-editor\" data-id=\"586daca\" data-element_type=\"widget\" data-e-type=\"widget\" data-widget_type=\"text-editor.default\">\n\t\t\t\t<div class=\"elementor-widget-container\">\n\t\t\t\t\t\t\t\t\t<h5><b><i>The Impact and the Outcomes of Volunteering<\/i><\/b><\/h5><p><span style=\"font-weight: 400;\">As a group of international volunteers we took part in the European Mobility Week with a youth organization Youth for Equality, based in Trnava, Slovakia. The volunteering experience peaked with a 2 day festival we organized, celebrating the European Mobility Week with the public. We, the volunteers, prepared a set of workshops to engage people of all ages &#8211; children, teens and adults &#8211; in a playful way and to spread awareness about the importance of sustainable mobility.\u00a0<\/span><\/p><p>\u00a0<\/p><p><span style=\"font-weight: 400;\">Within the project, we also carried out research to better understand how transportation impacts both health and the environment, which highlighted the urgency of sustainable mobility solutions.<\/span><\/p><p>\u00a0<\/p><p><span style=\"font-weight: 400;\">As part of our work, we also conducted a small survey among residents and visitors in Trnava to explore their travel habits and opinions. The results showed that while many people still rely heavily on cars, cycling is steadily gaining popularity, supported by the city\u2019s growing network of bike lanes.<\/span><\/p><p>\u00a0<\/p><p><span style=\"font-weight: 400;\">Based on our findings, our policy brief recommended the strategic expansion of cycling infrastructure within Trnava and towards nearby villages to strengthen regional connections. We were encouraged to see that the city has already launched projects in this direction, which gives us confidence that Trnava is on the right path toward healthier, more sustainable urban mobility.<\/span><\/p><p>\u00a0<\/p><p><span style=\"font-weight: 400;\">We concluded the three week experience with a visit with the team of Trnava\u2019s mayor. We presented the aim of the project and the findings of our research. We also had a friendly discussion about the challenges of sustainable urban planning, as well as the difficulties the team faces while navigating the political culture of the city.<\/span><\/p><p>\u00a0<\/p><p><span style=\"font-weight: 400;\">Overall, the experience showed us that sustainable mobility is not just a policy issue, but, above all, a community effort. European Mobility has managed to remind us that local action can make a global difference.<\/span> <span style=\"font-weight: 400;\">In three weeks, we have learned from Trnava\u2019s examples and challenges.\u00a0<\/span><\/p><p><br style=\"font-weight: 400;\" \/><span style=\"font-weight: 400;\">We are leaving the project with new skills, experiences and personal connections. For many of us, these three weeks have been our first volunteering experience. We came into it full of expectations, excitement, as well as anxieties. Although it was a step out of our comfort zones, it also pushed our boundaries and enriched our teamwork and other soft skills. We also made many new connections and even friendships, which we will cherish long after the project. <\/span><\/p><p>\u00a0<\/p><p><strong><i>&#8211; Lea<\/i> (volunteer from Slovakia)<\/strong><\/p><hr \/><p>\u00a0<\/p>\t\t\t\t\t\t\t\t<\/div>\n\t\t\t\t<\/div>\n\t\t\t\t\t<\/div>\n\t\t<\/div>\n\t\t\t\t\t<\/div>\n\t\t<\/section>\n\t\t\t\t<section class=\"elementor-section elementor-top-section elementor-element elementor-element-1404ed9 elementor-section-boxed elementor-section-height-default elementor-section-height-default\" data-id=\"1404ed9\" data-element_type=\"section\" data-e-type=\"section\">\n\t\t\t\t\t\t<div class=\"elementor-container elementor-column-gap-default\">\n\t\t\t\t\t<div class=\"elementor-column elementor-col-50 elementor-top-column elementor-element elementor-element-fccf13d\" data-id=\"fccf13d\" data-element_type=\"column\" data-e-type=\"column\">\n\t\t\t<div class=\"elementor-widget-wrap elementor-element-populated\">\n\t\t\t\t\t\t<div class=\"elementor-element elementor-element-09924d4 elementor-widget elementor-widget-image\" data-id=\"09924d4\" data-element_type=\"widget\" data-e-type=\"widget\" data-widget_type=\"image.default\">\n\t\t\t\t<div class=\"elementor-widget-container\">\n\t\t\t\t\t\t\t\t\t\t\t\t\t\t\t<img loading=\"lazy\" decoding=\"async\" width=\"731\" height=\"1024\" src=\"https:\/\/www.youthforequality.sk\/wp-content\/uploads\/2025\/07\/13_2-731x1024.jpg\" class=\"attachment-large size-large wp-image-10142\" alt=\"\" srcset=\"https:\/\/www.youthforequality.sk\/wp-content\/uploads\/2025\/07\/13_2-731x1024.jpg 731w, https:\/\/www.youthforequality.sk\/wp-content\/uploads\/2025\/07\/13_2-214x300.jpg 214w, https:\/\/www.youthforequality.sk\/wp-content\/uploads\/2025\/07\/13_2-768x1075.jpg 768w, https:\/\/www.youthforequality.sk\/wp-content\/uploads\/2025\/07\/13_2-1097x1536.jpg 1097w, https:\/\/www.youthforequality.sk\/wp-content\/uploads\/2025\/07\/13_2-1463x2048.jpg 1463w, https:\/\/www.youthforequality.sk\/wp-content\/uploads\/2025\/07\/13_2-scaled.jpg 1829w\" sizes=\"(max-width: 731px) 100vw, 731px\" \/>\t\t\t\t\t\t\t\t\t\t\t\t\t\t\t<\/div>\n\t\t\t\t<\/div>\n\t\t\t\t\t<\/div>\n\t\t<\/div>\n\t\t\t\t<div class=\"elementor-column elementor-col-50 elementor-top-column elementor-element elementor-element-a5d50e2\" data-id=\"a5d50e2\" data-element_type=\"column\" data-e-type=\"column\">\n\t\t\t<div class=\"elementor-widget-wrap elementor-element-populated\">\n\t\t\t\t\t\t<div class=\"elementor-element elementor-element-b26ee59 elementor-widget elementor-widget-image\" data-id=\"b26ee59\" data-element_type=\"widget\" data-e-type=\"widget\" data-widget_type=\"image.default\">\n\t\t\t\t<div class=\"elementor-widget-container\">\n\t\t\t\t\t\t\t\t\t\t\t\t\t\t\t<img loading=\"lazy\" decoding=\"async\" width=\"731\" height=\"1024\" src=\"https:\/\/www.youthforequality.sk\/wp-content\/uploads\/2025\/07\/IMG_3725-2-731x1024.jpg\" class=\"attachment-large size-large wp-image-10128\" alt=\"\" srcset=\"https:\/\/www.youthforequality.sk\/wp-content\/uploads\/2025\/07\/IMG_3725-2-731x1024.jpg 731w, https:\/\/www.youthforequality.sk\/wp-content\/uploads\/2025\/07\/IMG_3725-2-214x300.jpg 214w, https:\/\/www.youthforequality.sk\/wp-content\/uploads\/2025\/07\/IMG_3725-2-768x1075.jpg 768w, https:\/\/www.youthforequality.sk\/wp-content\/uploads\/2025\/07\/IMG_3725-2-1097x1536.jpg 1097w, https:\/\/www.youthforequality.sk\/wp-content\/uploads\/2025\/07\/IMG_3725-2.jpg 1179w\" sizes=\"(max-width: 731px) 100vw, 731px\" \/>\t\t\t\t\t\t\t\t\t\t\t\t\t\t\t<\/div>\n\t\t\t\t<\/div>\n\t\t\t\t\t<\/div>\n\t\t<\/div>\n\t\t\t\t\t<\/div>\n\t\t<\/section>\n\t\t\t\t<section class=\"elementor-section elementor-top-section elementor-element elementor-element-add1407 elementor-section-boxed elementor-section-height-default elementor-section-height-default\" data-id=\"add1407\" data-element_type=\"section\" data-e-type=\"section\">\n\t\t\t\t\t\t<div class=\"elementor-container elementor-column-gap-default\">\n\t\t\t\t\t<div class=\"elementor-column elementor-col-100 elementor-top-column elementor-element elementor-element-30d93ea\" data-id=\"30d93ea\" data-element_type=\"column\" data-e-type=\"column\">\n\t\t\t<div class=\"elementor-widget-wrap elementor-element-populated\">\n\t\t\t\t\t\t<div class=\"elementor-element elementor-element-5195ab3 elementor-widget elementor-widget-text-editor\" data-id=\"5195ab3\" data-element_type=\"widget\" data-e-type=\"widget\" data-widget_type=\"text-editor.default\">\n\t\t\t\t<div class=\"elementor-widget-container\">\n\t\t\t\t\t\t\t\t\t<h5><b><i>Volunteering as a Part of Personal Growth<\/i><\/b><\/h5><p><span style=\"font-weight: 400;\">During my volunteering journey, I had the opportunity to challenge myself, meet new people, and face situations that were different from my everyday life. This experience allowed me not only to give a concrete contribution, but also to grow personally and develop new skills.<\/span><\/p><p>\u00a0<\/p><p><span style=\"font-weight: 400;\">I participated in many activities aimed at encouraging people to use bicycles more, be more mobile, rely less on cars, and reduce their use of public transport. We promoted walking, cycling, and a more active lifestyle. Additionally, we contributed significantly to spreading awareness about our organization, Youth for Equality, helping to share its mission and values with the community.<\/span><\/p><p>\u00a0<\/p><p><span style=\"font-weight: 400;\">Through these experiences, I learned the importance of collaboration and teamwork: many activities required organization, flexibility, and the ability to listen to others. I realized that everyone, with their own qualities, can bring something valuable, and that the best results are achieved when working together.<\/span><\/p><p>\u00a0<\/p><p><span style=\"font-weight: 400;\">Another thing I learned is how to manage time and responsibilities. Being present and reliable is fundamental, because people count on your contribution. I also developed greater empathy and sensitivity towards those who are in difficult situations, learning to better understand the needs of others.<\/span><\/p><p>\u00a0<\/p><p><span style=\"font-weight: 400;\">Finally, this experience also taught me a lot about myself: I discovered inner strengths I didn\u2019t know I had, I gained more self-confidence, and I understood how rewarding it is to dedicate time to others.<\/span><\/p><p>\u00a0<\/p><p><span style=\"font-weight: 400;\">In conclusion, volunteering was not only a way to help, but also an opportunity for growth. I am very grateful to Youth Equality for everything they have done for us and for giving me the chance to be part of this meaningful experience.<\/span><\/p><p><br style=\"font-weight: 400;\" \/><strong>&#8211; <i>Sofia<\/i> (volunteer from Italy)<\/strong><\/p><hr \/>\t\t\t\t\t\t\t\t<\/div>\n\t\t\t\t<\/div>\n\t\t\t\t\t<\/div>\n\t\t<\/div>\n\t\t\t\t\t<\/div>\n\t\t<\/section>\n\t\t\t\t<section class=\"elementor-section elementor-top-section elementor-element elementor-element-1a9c63f elementor-section-boxed elementor-section-height-default elementor-section-height-default\" data-id=\"1a9c63f\" data-element_type=\"section\" data-e-type=\"section\">\n\t\t\t\t\t\t<div class=\"elementor-container elementor-column-gap-default\">\n\t\t\t\t\t<div class=\"elementor-column elementor-col-50 elementor-top-column elementor-element elementor-element-e08a4b6\" data-id=\"e08a4b6\" data-element_type=\"column\" data-e-type=\"column\">\n\t\t\t<div class=\"elementor-widget-wrap elementor-element-populated\">\n\t\t\t\t\t\t<div class=\"elementor-element elementor-element-0008b21 elementor-widget elementor-widget-image\" data-id=\"0008b21\" data-element_type=\"widget\" data-e-type=\"widget\" data-widget_type=\"image.default\">\n\t\t\t\t<div class=\"elementor-widget-container\">\n\t\t\t\t\t\t\t\t\t\t\t\t\t\t\t<img loading=\"lazy\" decoding=\"async\" width=\"768\" height=\"1024\" src=\"https:\/\/www.youthforequality.sk\/wp-content\/uploads\/2025\/07\/IMG_2006_2-768x1024.jpg\" class=\"attachment-large size-large wp-image-10143\" alt=\"\" srcset=\"https:\/\/www.youthforequality.sk\/wp-content\/uploads\/2025\/07\/IMG_2006_2-768x1025.jpg 768w, https:\/\/www.youthforequality.sk\/wp-content\/uploads\/2025\/07\/IMG_2006_2-225x300.jpg 225w, https:\/\/www.youthforequality.sk\/wp-content\/uploads\/2025\/07\/IMG_2006_2-1151x1536.jpg 1151w, https:\/\/www.youthforequality.sk\/wp-content\/uploads\/2025\/07\/IMG_2006_2-1535x2048.jpg 1535w, https:\/\/www.youthforequality.sk\/wp-content\/uploads\/2025\/07\/IMG_2006_2-scaled.jpg 1919w\" sizes=\"(max-width: 768px) 100vw, 768px\" \/>\t\t\t\t\t\t\t\t\t\t\t\t\t\t\t<\/div>\n\t\t\t\t<\/div>\n\t\t\t\t\t<\/div>\n\t\t<\/div>\n\t\t\t\t<div class=\"elementor-column elementor-col-50 elementor-top-column elementor-element elementor-element-9427056\" data-id=\"9427056\" data-element_type=\"column\" data-e-type=\"column\">\n\t\t\t<div class=\"elementor-widget-wrap elementor-element-populated\">\n\t\t\t\t\t\t<div class=\"elementor-element elementor-element-6488336 elementor-widget elementor-widget-image\" data-id=\"6488336\" data-element_type=\"widget\" data-e-type=\"widget\" data-widget_type=\"image.default\">\n\t\t\t\t<div class=\"elementor-widget-container\">\n\t\t\t\t\t\t\t\t\t\t\t\t\t\t\t<img loading=\"lazy\" decoding=\"async\" width=\"767\" height=\"1024\" src=\"https:\/\/www.youthforequality.sk\/wp-content\/uploads\/2025\/07\/IMG_3468_2-767x1024.jpg\" class=\"attachment-large size-large wp-image-10147\" alt=\"\" srcset=\"https:\/\/www.youthforequality.sk\/wp-content\/uploads\/2025\/07\/IMG_3468_2-767x1024.jpg 767w, https:\/\/www.youthforequality.sk\/wp-content\/uploads\/2025\/07\/IMG_3468_2-225x300.jpg 225w, https:\/\/www.youthforequality.sk\/wp-content\/uploads\/2025\/07\/IMG_3468_2-768x1025.jpg 768w, https:\/\/www.youthforequality.sk\/wp-content\/uploads\/2025\/07\/IMG_3468_2-1151x1536.jpg 1151w, https:\/\/www.youthforequality.sk\/wp-content\/uploads\/2025\/07\/IMG_3468_2-1535x2048.jpg 1535w, https:\/\/www.youthforequality.sk\/wp-content\/uploads\/2025\/07\/IMG_3468_2-scaled.jpg 1919w\" sizes=\"(max-width: 767px) 100vw, 767px\" \/>\t\t\t\t\t\t\t\t\t\t\t\t\t\t\t<\/div>\n\t\t\t\t<\/div>\n\t\t\t\t\t<\/div>\n\t\t<\/div>\n\t\t\t\t\t<\/div>\n\t\t<\/section>\n\t\t\t\t<section class=\"elementor-section elementor-top-section elementor-element elementor-element-00180ad elementor-section-boxed elementor-section-height-default elementor-section-height-default\" data-id=\"00180ad\" data-element_type=\"section\" data-e-type=\"section\">\n\t\t\t\t\t\t<div class=\"elementor-container elementor-column-gap-default\">\n\t\t\t\t\t<div class=\"elementor-column elementor-col-100 elementor-top-column elementor-element elementor-element-d732dad\" data-id=\"d732dad\" data-element_type=\"column\" data-e-type=\"column\">\n\t\t\t<div class=\"elementor-widget-wrap elementor-element-populated\">\n\t\t\t\t\t\t<div class=\"elementor-element elementor-element-7392552 elementor-widget elementor-widget-text-editor\" data-id=\"7392552\" data-element_type=\"widget\" data-e-type=\"widget\" data-widget_type=\"text-editor.default\">\n\t\t\t\t<div class=\"elementor-widget-container\">\n\t\t\t\t\t\t\t\t\t<h5><b>My experience: learning for myself and others<\/b><\/h5><p><span style=\"font-weight: 400;\">Before arriving, the most interesting aspect of the project to me was everything involving the public transport infrastructure, policy making and focusing on research findings, as that is something I\u2019m involved with in my home city. As a contrast, the public festival activities and engaging with the public was something I felt most unprepared for.\u00a0<\/span><\/p><p>\u00a0<\/p><p><span style=\"font-weight: 400;\">It was the first few weeks of getting to know the team that helped get into the groove of the project, get guidance and support for what I felt I couldn\u2019t do on my own. Getting to know new people with different experiences and abilities showed that it was okay to not be perfect at everything and find ways to get better with the help of others, or even share my own abilities for the betterment of the group &#8211; in my case by taking charge of the flashmob.\u00a0<\/span><\/p><p>\u00a0<\/p><p><span style=\"font-weight: 400;\">The week of the festival was quite intense but again encouraging in seeing that people were getting involved with our project and activities &#8211; the run club, group bike ride, workshops, bike fixing &#8211; getting to know the locals and which parts of the project were most important and relevant to them. At first it was more challenging to get over the fear of speaking in public and interacting with strangers but in the long run I learned that people are very friendly and willing to share their experiences and listen to ours, leading to a deeper understanding of our work here.<\/span><\/p><p><span style=\"font-weight: 400;\">\u00a0<\/span><\/p><p><span style=\"font-weight: 400;\">During the final week, visiting the town hall and speaking with the deputy mayor or Trnava, as well as other council members involved in work with public infrastructure, was an interesting and informative way to cap off our research and activities. Discussing our findings with experts who are practically involved with city planning and learning from their experience &#8211; the difficult nuances and strategies that have to be applied to develop better transport and effective mobility plans &#8211; gave deeper insight into their work and how we could improve our own findings. To me this helped solidify my initial interest in the project &#8211; what we did for three weeks will have meaning beyond the time we spent here.<\/span><\/p><p>\u00a0<\/p><p><span style=\"font-weight: 400;\">Overall I learned much about the city, the people and myself. Volunteering projects like this, to me, show that people are at their best together &#8211; working to improve the world for others and to help each other.<\/span><\/p><p>\u00a0<\/p><p>&#8211; <strong><em>Ugne<\/em> (volunteer from Lithuania)<\/strong><\/p><hr \/><p>\u00a0<\/p>\t\t\t\t\t\t\t\t<\/div>\n\t\t\t\t<\/div>\n\t\t\t\t\t<\/div>\n\t\t<\/div>\n\t\t\t\t\t<\/div>\n\t\t<\/section>\n\t\t\t\t<section class=\"elementor-section elementor-top-section elementor-element elementor-element-d9f9c4a elementor-section-boxed elementor-section-height-default elementor-section-height-default\" data-id=\"d9f9c4a\" data-element_type=\"section\" data-e-type=\"section\">\n\t\t\t\t\t\t<div class=\"elementor-container elementor-column-gap-default\">\n\t\t\t\t\t<div class=\"elementor-column elementor-col-100 elementor-top-column elementor-element elementor-element-1e05063\" data-id=\"1e05063\" data-element_type=\"column\" data-e-type=\"column\">\n\t\t\t<div class=\"elementor-widget-wrap elementor-element-populated\">\n\t\t\t\t\t\t<div class=\"elementor-element elementor-element-9b2b7f5 elementor-widget elementor-widget-image\" data-id=\"9b2b7f5\" data-element_type=\"widget\" data-e-type=\"widget\" data-widget_type=\"image.default\">\n\t\t\t\t<div class=\"elementor-widget-container\">\n\t\t\t\t\t\t\t\t\t\t\t\t\t\t\t<img loading=\"lazy\" decoding=\"async\" width=\"1024\" height=\"768\" src=\"https:\/\/www.youthforequality.sk\/wp-content\/uploads\/2025\/07\/IMG_3659-1024x768.jpg\" class=\"attachment-large size-large wp-image-10127\" alt=\"\" srcset=\"https:\/\/www.youthforequality.sk\/wp-content\/uploads\/2025\/07\/IMG_3659-1024x768.jpg 1024w, https:\/\/www.youthforequality.sk\/wp-content\/uploads\/2025\/07\/IMG_3659-300x225.jpg 300w, https:\/\/www.youthforequality.sk\/wp-content\/uploads\/2025\/07\/IMG_3659-768x576.jpg 768w, https:\/\/www.youthforequality.sk\/wp-content\/uploads\/2025\/07\/IMG_3659-1536x1152.jpg 1536w, https:\/\/www.youthforequality.sk\/wp-content\/uploads\/2025\/07\/IMG_3659-2048x1536.jpg 2048w\" sizes=\"(max-width: 1024px) 100vw, 1024px\" \/>\t\t\t\t\t\t\t\t\t\t\t\t\t\t\t<\/div>\n\t\t\t\t<\/div>\n\t\t\t\t\t<\/div>\n\t\t<\/div>\n\t\t\t\t\t<\/div>\n\t\t<\/section>\n\t\t\t\t<section class=\"elementor-section elementor-top-section elementor-element elementor-element-67774e9 elementor-section-boxed elementor-section-height-default elementor-section-height-default\" data-id=\"67774e9\" data-element_type=\"section\" data-e-type=\"section\">\n\t\t\t\t\t\t<div class=\"elementor-container elementor-column-gap-default\">\n\t\t\t\t\t<div class=\"elementor-column elementor-col-50 elementor-top-column elementor-element elementor-element-b1d7702\" data-id=\"b1d7702\" data-element_type=\"column\" data-e-type=\"column\">\n\t\t\t<div class=\"elementor-widget-wrap elementor-element-populated\">\n\t\t\t\t\t\t<div class=\"elementor-element elementor-element-2d6e4c6 elementor-widget__width-initial elementor-widget elementor-widget-image\" data-id=\"2d6e4c6\" data-element_type=\"widget\" data-e-type=\"widget\" data-widget_type=\"image.default\">\n\t\t\t\t<div class=\"elementor-widget-container\">\n\t\t\t\t\t\t\t\t\t\t\t\t\t\t\t<img loading=\"lazy\" decoding=\"async\" width=\"1024\" height=\"711\" src=\"https:\/\/www.youthforequality.sk\/wp-content\/uploads\/2025\/07\/32_3-1024x711.jpg\" class=\"attachment-large size-large wp-image-10148\" alt=\"\" srcset=\"https:\/\/www.youthforequality.sk\/wp-content\/uploads\/2025\/07\/32_3-1024x711.jpg 1024w, https:\/\/www.youthforequality.sk\/wp-content\/uploads\/2025\/07\/32_3-300x208.jpg 300w, https:\/\/www.youthforequality.sk\/wp-content\/uploads\/2025\/07\/32_3-768x533.jpg 768w, https:\/\/www.youthforequality.sk\/wp-content\/uploads\/2025\/07\/32_3-1536x1067.jpg 1536w, https:\/\/www.youthforequality.sk\/wp-content\/uploads\/2025\/07\/32_3-2048x1422.jpg 2048w\" sizes=\"(max-width: 1024px) 100vw, 1024px\" \/>\t\t\t\t\t\t\t\t\t\t\t\t\t\t\t<\/div>\n\t\t\t\t<\/div>\n\t\t\t\t\t<\/div>\n\t\t<\/div>\n\t\t\t\t<div class=\"elementor-column elementor-col-50 elementor-top-column elementor-element elementor-element-5dbcd83\" data-id=\"5dbcd83\" data-element_type=\"column\" data-e-type=\"column\">\n\t\t\t<div class=\"elementor-widget-wrap elementor-element-populated\">\n\t\t\t\t\t\t<div class=\"elementor-element elementor-element-5c55fff elementor-widget elementor-widget-image\" data-id=\"5c55fff\" data-element_type=\"widget\" data-e-type=\"widget\" data-widget_type=\"image.default\">\n\t\t\t\t<div class=\"elementor-widget-container\">\n\t\t\t\t\t\t\t\t\t\t\t\t\t\t\t<img loading=\"lazy\" decoding=\"async\" width=\"1024\" height=\"768\" src=\"https:\/\/www.youthforequality.sk\/wp-content\/uploads\/2025\/07\/IMG_4040-1024x768.jpg\" class=\"attachment-large size-large wp-image-10129\" alt=\"\" srcset=\"https:\/\/www.youthforequality.sk\/wp-content\/uploads\/2025\/07\/IMG_4040-1024x768.jpg 1024w, https:\/\/www.youthforequality.sk\/wp-content\/uploads\/2025\/07\/IMG_4040-300x225.jpg 300w, https:\/\/www.youthforequality.sk\/wp-content\/uploads\/2025\/07\/IMG_4040-768x576.jpg 768w, https:\/\/www.youthforequality.sk\/wp-content\/uploads\/2025\/07\/IMG_4040-1536x1152.jpg 1536w, https:\/\/www.youthforequality.sk\/wp-content\/uploads\/2025\/07\/IMG_4040-2048x1536.jpg 2048w\" sizes=\"(max-width: 1024px) 100vw, 1024px\" \/>\t\t\t\t\t\t\t\t\t\t\t\t\t\t\t<\/div>\n\t\t\t\t<\/div>\n\t\t\t\t\t<\/div>\n\t\t<\/div>\n\t\t\t\t\t<\/div>\n\t\t<\/section>\n\t\t\t\t<section class=\"elementor-section elementor-top-section elementor-element elementor-element-f33d3ee elementor-section-boxed elementor-section-height-default elementor-section-height-default\" data-id=\"f33d3ee\" data-element_type=\"section\" data-e-type=\"section\">\n\t\t\t\t\t\t<div class=\"elementor-container elementor-column-gap-default\">\n\t\t\t\t\t<div class=\"elementor-column elementor-col-100 elementor-top-column elementor-element elementor-element-53a5ba1\" data-id=\"53a5ba1\" data-element_type=\"column\" data-e-type=\"column\">\n\t\t\t<div class=\"elementor-widget-wrap elementor-element-populated\">\n\t\t\t\t\t\t<div class=\"elementor-element elementor-element-3f61402 elementor-widget elementor-widget-image\" data-id=\"3f61402\" data-element_type=\"widget\" data-e-type=\"widget\" data-widget_type=\"image.default\">\n\t\t\t\t<div class=\"elementor-widget-container\">\n\t\t\t\t\t\t\t\t\t\t\t\t\t\t\t<img loading=\"lazy\" decoding=\"async\" width=\"300\" height=\"81\" src=\"https:\/\/www.youthforequality.sk\/wp-content\/uploads\/2025\/07\/indir-300x81.png\" class=\"attachment-medium size-medium wp-image-9693\" alt=\"\" srcset=\"https:\/\/www.youthforequality.sk\/wp-content\/uploads\/2025\/07\/indir-300x81.png 300w, https:\/\/www.youthforequality.sk\/wp-content\/uploads\/2025\/07\/indir.png 431w\" sizes=\"(max-width: 300px) 100vw, 300px\" \/>\t\t\t\t\t\t\t\t\t\t\t\t\t\t\t<\/div>\n\t\t\t\t<\/div>\n\t\t\t\t\t<\/div>\n\t\t<\/div>\n\t\t\t\t\t<\/div>\n\t\t<\/section>\n\t\t\t\t<\/div>\n\t\t","protected":false},"excerpt":{"rendered":"<p>In September, our team of international volunteers joined us\u00a0for a three-week team volunteering project full of learning, creativity and community spirit. Together, we supported local initiatives, organized cultural activities, and took part in the city\u2019s European Mobility Week, promoting sustainable urban mobility and community engagement. \u00a0 This experience brought together people from different backgrounds to&hellip;&nbsp;<a href=\"https:\/\/www.youthforequality.sk\/index.php\/2025\/09\/26\/esc-european-mobility-week-2025\/\" class=\"\" rel=\"bookmark\">\u010c\u00edta\u0165 viac &raquo;<span class=\"screen-reader-text\">ESC: European Mobility Week 2025<\/span><\/a><\/p>\n","protected":false},"author":2,"featured_media":10113,"comment_status":"closed","ping_status":"open","sticky":false,"template":"","format":"standard","meta":{"_uf_show_specific_survey":0,"_uf_disable_surveys":false,"neve_meta_sidebar":"","neve_meta_container":"","neve_meta_enable_content_width":"off","neve_meta_content_width":70,"neve_meta_title_alignment":"","neve_meta_author_avatar":"","neve_post_elements_order":"","neve_meta_disable_header":"","neve_meta_disable_footer":"","neve_meta_disable_title":"","_themeisle_gutenberg_block_has_review":false,"footnotes":""},"categories":[3,46],"tags":[],"class_list":["post-9592","post","type-post","status-publish","format-standard","has-post-thumbnail","hentry","category-blog","category-timove-dobrovolnictvo"],"yoast_head":"<!-- This site is optimized with the Yoast SEO plugin v27.4 - https:\/\/yoast.com\/product\/yoast-seo-wordpress\/ -->\n<title>ESC: European Mobility Week 2025 |<\/title>\n<meta name=\"robots\" content=\"index, follow, max-snippet:-1, max-image-preview:large, max-video-preview:-1\" \/>\n<link rel=\"canonical\" href=\"https:\/\/www.youthforequality.sk\/index.php\/2025\/09\/26\/esc-european-mobility-week-2025\/\" \/>\n<meta property=\"og:locale\" content=\"sk_SK\" \/>\n<meta property=\"og:type\" content=\"article\" \/>\n<meta property=\"og:title\" content=\"ESC: European Mobility Week 2025 |\" \/>\n<meta property=\"og:description\" content=\"In September, our team of international volunteers joined us\u00a0for a three-week team volunteering project full of learning, creativity and community spirit. Together, we supported local initiatives, organized cultural activities, and took part in the city\u2019s European Mobility Week, promoting sustainable urban mobility and community engagement. \u00a0 This experience brought together people from different backgrounds to&hellip;&nbsp;\u010c\u00edta\u0165 viac &raquo;ESC: European Mobility Week 2025\" \/>\n<meta property=\"og:url\" content=\"https:\/\/www.youthforequality.sk\/index.php\/2025\/09\/26\/esc-european-mobility-week-2025\/\" \/>\n<meta property=\"article:publisher\" content=\"https:\/\/www.facebook.com\/yeslovakia\" \/>\n<meta property=\"article:published_time\" content=\"2025-09-26T14:21:35+00:00\" \/>\n<meta property=\"article:modified_time\" content=\"2025-11-11T12:02:53+00:00\" \/>\n<meta property=\"og:image\" content=\"https:\/\/www.youthforequality.sk\/wp-content\/uploads\/2025\/07\/IMG_0307-scaled.jpg\" \/>\n\t<meta property=\"og:image:width\" content=\"2560\" \/>\n\t<meta property=\"og:image:height\" content=\"1920\" \/>\n\t<meta property=\"og:image:type\" content=\"image\/jpeg\" \/>\n<meta name=\"author\" content=\"Diana Ja\u0161ekov\u00e1\" \/>\n<meta name=\"twitter:card\" content=\"summary_large_image\" \/>\n<meta name=\"twitter:label1\" content=\"Autor\" \/>\n\t<meta name=\"twitter:data1\" content=\"Diana Ja\u0161ekov\u00e1\" \/>\n\t<meta name=\"twitter:label2\" content=\"Predpokladan\u00fd \u010das \u010d\u00edtania\" \/>\n\t<meta name=\"twitter:data2\" content=\"13 min\u00fat\" \/>\n<script type=\"application\/ld+json\" class=\"yoast-schema-graph\">{\"@context\":\"https:\\\/\\\/schema.org\",\"@graph\":[{\"@type\":\"Article\",\"@id\":\"https:\\\/\\\/www.youthforequality.sk\\\/index.php\\\/2025\\\/09\\\/26\\\/esc-european-mobility-week-2025\\\/#article\",\"isPartOf\":{\"@id\":\"https:\\\/\\\/www.youthforequality.sk\\\/index.php\\\/2025\\\/09\\\/26\\\/esc-european-mobility-week-2025\\\/\"},\"author\":{\"name\":\"Diana Ja\u0161ekov\u00e1\",\"@id\":\"https:\\\/\\\/www.youthforequality.sk\\\/#\\\/schema\\\/person\\\/be8fe75a4ed9c28400bc99a029218b24\"},\"headline\":\"ESC: European Mobility Week 2025\",\"datePublished\":\"2025-09-26T14:21:35+00:00\",\"dateModified\":\"2025-11-11T12:02:53+00:00\",\"mainEntityOfPage\":{\"@id\":\"https:\\\/\\\/www.youthforequality.sk\\\/index.php\\\/2025\\\/09\\\/26\\\/esc-european-mobility-week-2025\\\/\"},\"wordCount\":1381,\"publisher\":{\"@id\":\"https:\\\/\\\/www.youthforequality.sk\\\/#organization\"},\"image\":{\"@id\":\"https:\\\/\\\/www.youthforequality.sk\\\/index.php\\\/2025\\\/09\\\/26\\\/esc-european-mobility-week-2025\\\/#primaryimage\"},\"thumbnailUrl\":\"https:\\\/\\\/www.youthforequality.sk\\\/wp-content\\\/uploads\\\/2025\\\/07\\\/IMG_0307-scaled.jpg\",\"articleSection\":[\"Blog\",\"T\u00edmov\u00e9 dobrovo\u013en\u00edctvo\"],\"inLanguage\":\"sk-SK\"},{\"@type\":\"WebPage\",\"@id\":\"https:\\\/\\\/www.youthforequality.sk\\\/index.php\\\/2025\\\/09\\\/26\\\/esc-european-mobility-week-2025\\\/\",\"url\":\"https:\\\/\\\/www.youthforequality.sk\\\/index.php\\\/2025\\\/09\\\/26\\\/esc-european-mobility-week-2025\\\/\",\"name\":\"ESC: European Mobility Week 2025 |\",\"isPartOf\":{\"@id\":\"https:\\\/\\\/www.youthforequality.sk\\\/#website\"},\"primaryImageOfPage\":{\"@id\":\"https:\\\/\\\/www.youthforequality.sk\\\/index.php\\\/2025\\\/09\\\/26\\\/esc-european-mobility-week-2025\\\/#primaryimage\"},\"image\":{\"@id\":\"https:\\\/\\\/www.youthforequality.sk\\\/index.php\\\/2025\\\/09\\\/26\\\/esc-european-mobility-week-2025\\\/#primaryimage\"},\"thumbnailUrl\":\"https:\\\/\\\/www.youthforequality.sk\\\/wp-content\\\/uploads\\\/2025\\\/07\\\/IMG_0307-scaled.jpg\",\"datePublished\":\"2025-09-26T14:21:35+00:00\",\"dateModified\":\"2025-11-11T12:02:53+00:00\",\"breadcrumb\":{\"@id\":\"https:\\\/\\\/www.youthforequality.sk\\\/index.php\\\/2025\\\/09\\\/26\\\/esc-european-mobility-week-2025\\\/#breadcrumb\"},\"inLanguage\":\"sk-SK\",\"potentialAction\":[{\"@type\":\"ReadAction\",\"target\":[\"https:\\\/\\\/www.youthforequality.sk\\\/index.php\\\/2025\\\/09\\\/26\\\/esc-european-mobility-week-2025\\\/\"]}]},{\"@type\":\"ImageObject\",\"inLanguage\":\"sk-SK\",\"@id\":\"https:\\\/\\\/www.youthforequality.sk\\\/index.php\\\/2025\\\/09\\\/26\\\/esc-european-mobility-week-2025\\\/#primaryimage\",\"url\":\"https:\\\/\\\/www.youthforequality.sk\\\/wp-content\\\/uploads\\\/2025\\\/07\\\/IMG_0307-scaled.jpg\",\"contentUrl\":\"https:\\\/\\\/www.youthforequality.sk\\\/wp-content\\\/uploads\\\/2025\\\/07\\\/IMG_0307-scaled.jpg\",\"width\":2560,\"height\":1920},{\"@type\":\"BreadcrumbList\",\"@id\":\"https:\\\/\\\/www.youthforequality.sk\\\/index.php\\\/2025\\\/09\\\/26\\\/esc-european-mobility-week-2025\\\/#breadcrumb\",\"itemListElement\":[{\"@type\":\"ListItem\",\"position\":1,\"name\":\"Home\",\"item\":\"https:\\\/\\\/www.youthforequality.sk\\\/\"},{\"@type\":\"ListItem\",\"position\":2,\"name\":\"ESC: European Mobility Week 2025\"}]},{\"@type\":\"WebSite\",\"@id\":\"https:\\\/\\\/www.youthforequality.sk\\\/#website\",\"url\":\"https:\\\/\\\/www.youthforequality.sk\\\/\",\"name\":\"\",\"description\":\"\",\"publisher\":{\"@id\":\"https:\\\/\\\/www.youthforequality.sk\\\/#organization\"},\"potentialAction\":[{\"@type\":\"SearchAction\",\"target\":{\"@type\":\"EntryPoint\",\"urlTemplate\":\"https:\\\/\\\/www.youthforequality.sk\\\/?s={search_term_string}\"},\"query-input\":{\"@type\":\"PropertyValueSpecification\",\"valueRequired\":true,\"valueName\":\"search_term_string\"}}],\"inLanguage\":\"sk-SK\"},{\"@type\":\"Organization\",\"@id\":\"https:\\\/\\\/www.youthforequality.sk\\\/#organization\",\"name\":\"Youth for Equality\",\"url\":\"https:\\\/\\\/www.youthforequality.sk\\\/\",\"logo\":{\"@type\":\"ImageObject\",\"inLanguage\":\"sk-SK\",\"@id\":\"https:\\\/\\\/www.youthforequality.sk\\\/#\\\/schema\\\/logo\\\/image\\\/\",\"url\":\"https:\\\/\\\/www.youthforequality.sk\\\/wp-content\\\/uploads\\\/2021\\\/01\\\/vynovene-logo-nove-farby_modra-na-web.png\",\"contentUrl\":\"https:\\\/\\\/www.youthforequality.sk\\\/wp-content\\\/uploads\\\/2021\\\/01\\\/vynovene-logo-nove-farby_modra-na-web.png\",\"width\":1,\"height\":1,\"caption\":\"Youth for Equality\"},\"image\":{\"@id\":\"https:\\\/\\\/www.youthforequality.sk\\\/#\\\/schema\\\/logo\\\/image\\\/\"},\"sameAs\":[\"https:\\\/\\\/www.facebook.com\\\/yeslovakia\"]},{\"@type\":\"Person\",\"@id\":\"https:\\\/\\\/www.youthforequality.sk\\\/#\\\/schema\\\/person\\\/be8fe75a4ed9c28400bc99a029218b24\",\"name\":\"Diana Ja\u0161ekov\u00e1\",\"image\":{\"@type\":\"ImageObject\",\"inLanguage\":\"sk-SK\",\"@id\":\"https:\\\/\\\/secure.gravatar.com\\\/avatar\\\/8c7454049523c9673804cf321f89b38fd4fcd5aa5ad8961f32caaf292dfd996f?s=96&d=mm&r=g\",\"url\":\"https:\\\/\\\/secure.gravatar.com\\\/avatar\\\/8c7454049523c9673804cf321f89b38fd4fcd5aa5ad8961f32caaf292dfd996f?s=96&d=mm&r=g\",\"contentUrl\":\"https:\\\/\\\/secure.gravatar.com\\\/avatar\\\/8c7454049523c9673804cf321f89b38fd4fcd5aa5ad8961f32caaf292dfd996f?s=96&d=mm&r=g\",\"caption\":\"Diana Ja\u0161ekov\u00e1\"},\"url\":\"https:\\\/\\\/www.youthforequality.sk\\\/index.php\\\/author\\\/diajas\\\/\"}]}<\/script>\n<!-- \/ Yoast SEO plugin. -->","yoast_head_json":{"title":"ESC: European Mobility Week 2025 |","robots":{"index":"index","follow":"follow","max-snippet":"max-snippet:-1","max-image-preview":"max-image-preview:large","max-video-preview":"max-video-preview:-1"},"canonical":"https:\/\/www.youthforequality.sk\/index.php\/2025\/09\/26\/esc-european-mobility-week-2025\/","og_locale":"sk_SK","og_type":"article","og_title":"ESC: European Mobility Week 2025 |","og_description":"In September, our team of international volunteers joined us\u00a0for a three-week team volunteering project full of learning, creativity and community spirit. Together, we supported local initiatives, organized cultural activities, and took part in the city\u2019s European Mobility Week, promoting sustainable urban mobility and community engagement. \u00a0 This experience brought together people from different backgrounds to&hellip;&nbsp;\u010c\u00edta\u0165 viac &raquo;ESC: European Mobility Week 2025","og_url":"https:\/\/www.youthforequality.sk\/index.php\/2025\/09\/26\/esc-european-mobility-week-2025\/","article_publisher":"https:\/\/www.facebook.com\/yeslovakia","article_published_time":"2025-09-26T14:21:35+00:00","article_modified_time":"2025-11-11T12:02:53+00:00","og_image":[{"width":2560,"height":1920,"url":"https:\/\/www.youthforequality.sk\/wp-content\/uploads\/2025\/07\/IMG_0307-scaled.jpg","type":"image\/jpeg"}],"author":"Diana Ja\u0161ekov\u00e1","twitter_card":"summary_large_image","twitter_misc":{"Autor":"Diana Ja\u0161ekov\u00e1","Predpokladan\u00fd \u010das \u010d\u00edtania":"13 min\u00fat"},"schema":{"@context":"https:\/\/schema.org","@graph":[{"@type":"Article","@id":"https:\/\/www.youthforequality.sk\/index.php\/2025\/09\/26\/esc-european-mobility-week-2025\/#article","isPartOf":{"@id":"https:\/\/www.youthforequality.sk\/index.php\/2025\/09\/26\/esc-european-mobility-week-2025\/"},"author":{"name":"Diana Ja\u0161ekov\u00e1","@id":"https:\/\/www.youthforequality.sk\/#\/schema\/person\/be8fe75a4ed9c28400bc99a029218b24"},"headline":"ESC: European Mobility Week 2025","datePublished":"2025-09-26T14:21:35+00:00","dateModified":"2025-11-11T12:02:53+00:00","mainEntityOfPage":{"@id":"https:\/\/www.youthforequality.sk\/index.php\/2025\/09\/26\/esc-european-mobility-week-2025\/"},"wordCount":1381,"publisher":{"@id":"https:\/\/www.youthforequality.sk\/#organization"},"image":{"@id":"https:\/\/www.youthforequality.sk\/index.php\/2025\/09\/26\/esc-european-mobility-week-2025\/#primaryimage"},"thumbnailUrl":"https:\/\/www.youthforequality.sk\/wp-content\/uploads\/2025\/07\/IMG_0307-scaled.jpg","articleSection":["Blog","T\u00edmov\u00e9 dobrovo\u013en\u00edctvo"],"inLanguage":"sk-SK"},{"@type":"WebPage","@id":"https:\/\/www.youthforequality.sk\/index.php\/2025\/09\/26\/esc-european-mobility-week-2025\/","url":"https:\/\/www.youthforequality.sk\/index.php\/2025\/09\/26\/esc-european-mobility-week-2025\/","name":"ESC: European Mobility Week 2025 |","isPartOf":{"@id":"https:\/\/www.youthforequality.sk\/#website"},"primaryImageOfPage":{"@id":"https:\/\/www.youthforequality.sk\/index.php\/2025\/09\/26\/esc-european-mobility-week-2025\/#primaryimage"},"image":{"@id":"https:\/\/www.youthforequality.sk\/index.php\/2025\/09\/26\/esc-european-mobility-week-2025\/#primaryimage"},"thumbnailUrl":"https:\/\/www.youthforequality.sk\/wp-content\/uploads\/2025\/07\/IMG_0307-scaled.jpg","datePublished":"2025-09-26T14:21:35+00:00","dateModified":"2025-11-11T12:02:53+00:00","breadcrumb":{"@id":"https:\/\/www.youthforequality.sk\/index.php\/2025\/09\/26\/esc-european-mobility-week-2025\/#breadcrumb"},"inLanguage":"sk-SK","potentialAction":[{"@type":"ReadAction","target":["https:\/\/www.youthforequality.sk\/index.php\/2025\/09\/26\/esc-european-mobility-week-2025\/"]}]},{"@type":"ImageObject","inLanguage":"sk-SK","@id":"https:\/\/www.youthforequality.sk\/index.php\/2025\/09\/26\/esc-european-mobility-week-2025\/#primaryimage","url":"https:\/\/www.youthforequality.sk\/wp-content\/uploads\/2025\/07\/IMG_0307-scaled.jpg","contentUrl":"https:\/\/www.youthforequality.sk\/wp-content\/uploads\/2025\/07\/IMG_0307-scaled.jpg","width":2560,"height":1920},{"@type":"BreadcrumbList","@id":"https:\/\/www.youthforequality.sk\/index.php\/2025\/09\/26\/esc-european-mobility-week-2025\/#breadcrumb","itemListElement":[{"@type":"ListItem","position":1,"name":"Home","item":"https:\/\/www.youthforequality.sk\/"},{"@type":"ListItem","position":2,"name":"ESC: European Mobility Week 2025"}]},{"@type":"WebSite","@id":"https:\/\/www.youthforequality.sk\/#website","url":"https:\/\/www.youthforequality.sk\/","name":"","description":"","publisher":{"@id":"https:\/\/www.youthforequality.sk\/#organization"},"potentialAction":[{"@type":"SearchAction","target":{"@type":"EntryPoint","urlTemplate":"https:\/\/www.youthforequality.sk\/?s={search_term_string}"},"query-input":{"@type":"PropertyValueSpecification","valueRequired":true,"valueName":"search_term_string"}}],"inLanguage":"sk-SK"},{"@type":"Organization","@id":"https:\/\/www.youthforequality.sk\/#organization","name":"Youth for Equality","url":"https:\/\/www.youthforequality.sk\/","logo":{"@type":"ImageObject","inLanguage":"sk-SK","@id":"https:\/\/www.youthforequality.sk\/#\/schema\/logo\/image\/","url":"https:\/\/www.youthforequality.sk\/wp-content\/uploads\/2021\/01\/vynovene-logo-nove-farby_modra-na-web.png","contentUrl":"https:\/\/www.youthforequality.sk\/wp-content\/uploads\/2021\/01\/vynovene-logo-nove-farby_modra-na-web.png","width":1,"height":1,"caption":"Youth for Equality"},"image":{"@id":"https:\/\/www.youthforequality.sk\/#\/schema\/logo\/image\/"},"sameAs":["https:\/\/www.facebook.com\/yeslovakia"]},{"@type":"Person","@id":"https:\/\/www.youthforequality.sk\/#\/schema\/person\/be8fe75a4ed9c28400bc99a029218b24","name":"Diana Ja\u0161ekov\u00e1","image":{"@type":"ImageObject","inLanguage":"sk-SK","@id":"https:\/\/secure.gravatar.com\/avatar\/8c7454049523c9673804cf321f89b38fd4fcd5aa5ad8961f32caaf292dfd996f?s=96&d=mm&r=g","url":"https:\/\/secure.gravatar.com\/avatar\/8c7454049523c9673804cf321f89b38fd4fcd5aa5ad8961f32caaf292dfd996f?s=96&d=mm&r=g","contentUrl":"https:\/\/secure.gravatar.com\/avatar\/8c7454049523c9673804cf321f89b38fd4fcd5aa5ad8961f32caaf292dfd996f?s=96&d=mm&r=g","caption":"Diana Ja\u0161ekov\u00e1"},"url":"https:\/\/www.youthforequality.sk\/index.php\/author\/diajas\/"}]}},"_links":{"self":[{"href":"https:\/\/www.youthforequality.sk\/index.php\/wp-json\/wp\/v2\/posts\/9592","targetHints":{"allow":["GET"]}}],"collection":[{"href":"https:\/\/www.youthforequality.sk\/index.php\/wp-json\/wp\/v2\/posts"}],"about":[{"href":"https:\/\/www.youthforequality.sk\/index.php\/wp-json\/wp\/v2\/types\/post"}],"author":[{"embeddable":true,"href":"https:\/\/www.youthforequality.sk\/index.php\/wp-json\/wp\/v2\/users\/2"}],"replies":[{"embeddable":true,"href":"https:\/\/www.youthforequality.sk\/index.php\/wp-json\/wp\/v2\/comments?post=9592"}],"version-history":[{"count":71,"href":"https:\/\/www.youthforequality.sk\/index.php\/wp-json\/wp\/v2\/posts\/9592\/revisions"}],"predecessor-version":[{"id":10159,"href":"https:\/\/www.youthforequality.sk\/index.php\/wp-json\/wp\/v2\/posts\/9592\/revisions\/10159"}],"wp:featuredmedia":[{"embeddable":true,"href":"https:\/\/www.youthforequality.sk\/index.php\/wp-json\/wp\/v2\/media\/10113"}],"wp:attachment":[{"href":"https:\/\/www.youthforequality.sk\/index.php\/wp-json\/wp\/v2\/media?parent=9592"}],"wp:term":[{"taxonomy":"category","embeddable":true,"href":"https:\/\/www.youthforequality.sk\/index.php\/wp-json\/wp\/v2\/categories?post=9592"},{"taxonomy":"post_tag","embeddable":true,"href":"https:\/\/www.youthforequality.sk\/index.php\/wp-json\/wp\/v2\/tags?post=9592"}],"curies":[{"name":"wp","href":"https:\/\/api.w.org\/{rel}","templated":true}]}}